{"id":4618,"date":"2024-02-09T17:55:28","date_gmt":"2024-02-09T17:55:28","guid":{"rendered":"https:\/\/histoiredelongprelcs.org\/blog-histoire\/?p=4618"},"modified":"2025-01-09T16:32:21","modified_gmt":"2025-01-09T16:32:21","slug":"ceremonie-des-reliques-le-8-septembre-1955","status":"publish","type":"post","link":"https:\/\/histoire-longpre-lcs.org\/blog-histoire\/ceremonie-des-reliques-le-8-septembre-1955\/","title":{"rendered":"C\u00e9r\u00e9monie des Reliques le 8 septembre 1955"},"content":{"rendered":"<div id=\"ez-toc-container\" class=\"ez-toc-v2_0_87 counter-hierarchy ez-toc-counter ez-toc-light-blue ez-toc-container-direction\">\n<div class=\"ez-toc-title-container\">\n<p class=\"ez-toc-title\" style=\"cursor:inherit\">Table des mati\u00e9res<\/p>\n<span class=\"ez-toc-title-toggle\"><a href=\"#\" class=\"ez-toc-pull-right ez-toc-btn ez-toc-btn-xs ez-toc-btn-default ez-toc-toggle\" aria-label=\"Toggle Table of Content\"><span class=\"ez-toc-js-icon-con\"><span class=\"\"><span class=\"eztoc-hide\" style=\"display:none;\">Toggle<\/span><span class=\"ez-toc-icon-toggle-span\"><svg style=\"fill: #999;color:#999\" xmlns=\"http:\/\/www.w3.org\/2000\/svg\" class=\"list-377408\" width=\"20px\" height=\"20px\" viewBox=\"0 0 24 24\" fill=\"none\"><path d=\"M6 6H4v2h2V6zm14 0H8v2h12V6zM4 11h2v2H4v-2zm16 0H8v2h12v-2zM4 16h2v2H4v-2zm16 0H8v2h12v-2z\" fill=\"currentColor\"><\/path><\/svg><svg style=\"fill: #999;color:#999\" class=\"arrow-unsorted-368013\" xmlns=\"http:\/\/www.w3.org\/2000\/svg\" width=\"10px\" height=\"10px\" viewBox=\"0 0 24 24\" version=\"1.2\" baseProfile=\"tiny\"><path d=\"M18.2 9.3l-6.2-6.3-6.2 6.3c-.2.2-.3.4-.3.7s.1.5.3.7c.2.2.4.3.7.3h11c.3 0 .5-.1.7-.3.2-.2.3-.5.3-.7s-.1-.5-.3-.7zM5.8 14.7l6.2 6.3 6.2-6.3c.2-.2.3-.5.3-.7s-.1-.5-.3-.7c-.2-.2-.4-.3-.7-.3h-11c-.3 0-.5.1-.7.3-.2.2-.3.5-.3.7s.1.5.3.7z\"\/><\/svg><\/span><\/span><\/span><\/a><\/span><\/div>\n<nav><ul class='ez-toc-list ez-toc-list-level-1 eztoc-toggle-hide-by-default' ><li class='ez-toc-page-1 ez-toc-heading-level-3'><a class=\"ez-toc-link ez-toc-heading-1\" href=\"https:\/\/histoire-longpre-lcs.org\/blog-histoire\/ceremonie-des-reliques-le-8-septembre-1955\/#Histoire_des_Reliques_a_Longpre_les_Corps_Saints\" >Histoire des Reliques \u00e0 Longpr\u00e9 les Corps Saints<\/a><\/li><\/ul><\/nav><\/div>\n<h3><span class=\"ez-toc-section\" id=\"Histoire_des_Reliques_a_Longpre_les_Corps_Saints\"><\/span>Histoire des Reliques \u00e0 Longpr\u00e9 les Corps Saints<span class=\"ez-toc-section-end\"><\/span><\/h3>\n<pre><code>    Si vous avez des renseignements sur les f\u00eates des Reliques de Longpr\u00e9,\u00a0 des photos, des t\u00e9moignages, des anecdotes, les personnes qui y ont particip\u00e9s.&lt;br \/&gt;Utilisez la boite commentaire pour nous les faire parvenir.&lt;br \/&gt;Merci par avance.&lt;\/p&gt;     \n                                    &lt;figure&gt;\n                                        &lt;a href=\"https:\/\/histoiredelongprelcs.org\/blog-histoire\/wp-content\/uploads\/2023\/05\/165056071_3864394420315223_2882608256104014297_n.jpg\"&gt;\n                        &lt;img width=\"1024\" height=\"782\" src=\"https:\/\/histoiredelongprelcs.org\/blog-histoire\/wp-content\/uploads\/2024\/02\/photo-frederic-Prevost-1955-1024x782.jpg\" alt=\"Photo de la f\u00c3\u00aate des reliques 8 septembre 1955.\" srcset=\"https:\/\/i0.wp.com\/histoiredelongprelcs.org\/blog-histoire\/wp-content\/uploads\/2024\/02\/photo-frederic-Prevost-1955.jpg?resize=1024%2C782&amp;ssl=1 1024w, https:\/\/i0.wp.com\/histoiredelongprelcs.org\/blog-histoire\/wp-content\/uploads\/2024\/02\/photo-frederic-Prevost-1955.jpg?resize=300%2C229&amp;ssl=1 300w, https:\/\/i0.wp.com\/histoiredelongprelcs.org\/blog-histoire\/wp-content\/uploads\/2024\/02\/photo-frederic-Prevost-1955.jpg?resize=768%2C587&amp;ssl=1 768w, https:\/\/i0.wp.com\/histoiredelongprelcs.org\/blog-histoire\/wp-content\/uploads\/2024\/02\/photo-frederic-Prevost-1955.jpg?resize=750%2C573&amp;ssl=1 750w, https:\/\/i0.wp.com\/histoiredelongprelcs.org\/blog-histoire\/wp-content\/uploads\/2024\/02\/photo-frederic-Prevost-1955.jpg?resize=600%2C458&amp;ssl=1 600w, https:\/\/i0.wp.com\/histoiredelongprelcs.org\/blog-histoire\/wp-content\/uploads\/2024\/02\/photo-frederic-Prevost-1955.jpg?w=1279&amp;ssl=1 1279w\" sizes=\"(max-width: 1024px) 100vw, 1024px\" \/&gt;                             &lt;\/a&gt;\n                                        &lt;figcaption&gt;Photo de la f\u00c3\u00aate des reliques 8 septembre 1955.&lt;\/figcaption&gt;\n                                    &lt;\/figure&gt;\n                                    &lt;figure&gt;\n                                        &lt;a href=\"https:\/\/histoiredelongprelcs.org\/blog-histoire\/wp-content\/uploads\/2024\/02\/photo-frederic-Prevost-1955-numerote.jpg\" data-elementor-open-lightbox=\"yes\" data-elementor-lightbox-title=\"photo frederic Pr\u00c3\u00a9vost 1955-num\u00c3\u00a9rot\u00c3\u00a9\" data-e-action-hash=\"#elementor-action%3Aaction%3Dlightbox%26settings%3DeyJpZCI6NDYyMywidXJsIjoiaHR0cHM6XC9cL2hpc3RvaXJlZGVsb25ncHJlbGNzLm9yZ1wvYmxvZy1oaXN0b2lyZVwvd3AtY29udGVudFwvdXBsb2Fkc1wvMjAyNFwvMDJcL3Bob3RvLWZyZWRlcmljLVByZXZvc3QtMTk1NS1udW1lcm90ZS5qcGcifQ%3D%3D\"&gt;\n                        &lt;img width=\"1024\" height=\"782\" src=\"https:\/\/histoiredelongprelcs.org\/blog-histoire\/wp-content\/uploads\/2024\/02\/photo-frederic-Prevost-1955-numerote-1024x782.jpg\" alt=\"\" srcset=\"https:\/\/i0.wp.com\/histoiredelongprelcs.org\/blog-histoire\/wp-content\/uploads\/2024\/02\/photo-frederic-Prevost-1955-numerote.jpg?resize=1024%2C782&amp;ssl=1 1024w, https:\/\/i0.wp.com\/histoiredelongprelcs.org\/blog-histoire\/wp-content\/uploads\/2024\/02\/photo-frederic-Prevost-1955-numerote.jpg?resize=300%2C229&amp;ssl=1 300w, https:\/\/i0.wp.com\/histoiredelongprelcs.org\/blog-histoire\/wp-content\/uploads\/2024\/02\/photo-frederic-Prevost-1955-numerote.jpg?resize=768%2C587&amp;ssl=1 768w, https:\/\/i0.wp.com\/histoiredelongprelcs.org\/blog-histoire\/wp-content\/uploads\/2024\/02\/photo-frederic-Prevost-1955-numerote.jpg?resize=750%2C573&amp;ssl=1 750w, https:\/\/i0.wp.com\/histoiredelongprelcs.org\/blog-histoire\/wp-content\/uploads\/2024\/02\/photo-frederic-Prevost-1955-numerote.jpg?resize=600%2C458&amp;ssl=1 600w, https:\/\/i0.wp.com\/histoiredelongprelcs.org\/blog-histoire\/wp-content\/uploads\/2024\/02\/photo-frederic-Prevost-1955-numerote.jpg?w=1279&amp;ssl=1 1279w\" sizes=\"(max-width: 1024px) 100vw, 1024px\" \/&gt;                             &lt;\/a&gt;\n                                        &lt;figcaption&gt;&lt;\/figcaption&gt;\n                                    &lt;\/figure&gt;\n        &lt;h4&gt;Photo archive de : Fr\u00e9d\u00e9rique Dezenclos.&lt;\/h4&gt;       \n    &lt;p&gt;Au dos de cette photo nous pouvons trouver l'autographe suivant :&lt;br \/&gt;\" A notre cher ami Fred qui porte les Saints reliques le 8 septembre 1955 \" sign\u00e9 par Fernand Berger&lt;\/p&gt;      \n        &lt;h2&gt;Qui sont ces personnes ?&lt;\/h2&gt;       \n    &lt;ul&gt;&lt;li&gt;&lt;b&gt;1\/\u00a0\u00a0&lt;\/b&gt;&lt;\/li&gt;&lt;li&gt;&lt;b&gt;2\/\u00a0 \u00a0\u00a0&lt;\/b&gt;&lt;\/li&gt;&lt;li&gt;&lt;b&gt;3\/\u00a0 \u00a0&lt;\/b&gt;&lt;\/li&gt;&lt;li&gt;&lt;b&gt;4\/ Fr\u00e9d\u00e9ric Pr\u00e9vost&lt;\/b&gt;&lt;b&gt;\u00a0&lt;\/b&gt;&lt;\/li&gt;&lt;li&gt;&lt;b&gt;5\/\u00a0 \u00a0&lt;\/b&gt;&lt;\/li&gt;&lt;\/ul&gt;&lt;p&gt;&lt;strong&gt;Si vous rec&lt;\/strong&gt;&lt;b&gt;onnaissez quelq'un sur cette photo, indiquez le num\u00e9ro et le nom\u00a0 et pr\u00e9nom en dessous dans les commentaires. Merci par avance.&lt;\/b&gt;\n<\/code><\/pre>\n<p>Si vous avez en votre possession des photos anciennes d&rsquo;\u00e9quipes de sports, de r\u00e9unions officielles, de photos de classes, de f\u00eates collectives de Longpr\u00e9 les Corps Saint ou concernant notre ville.<br \/>Contactez-moi \u00e0 cette adresse : <a href=\"mailto:asp.longiprate@gmail.com\">asp.longiprate@gmail.com<\/a><br \/>Nous vous en remercierons par avance et vous permettrez \u00e0 tous d&rsquo;y retrouver peut-\u00eatre un proche ou ami (e).<\/p>\n","protected":false},"excerpt":{"rendered":"<p>C\u00e9r\u00e9monie des Reliques \u00e0\u00a0Longpr\u00e9 les Corps Saints, Photo du 08 septembre 1955. Avec une signature de M. Berger.<\/p>\n","protected":false},"author":1,"featured_media":4622,"comment_status":"open","ping_status":"open","sticky":false,"template":"","format":"standard","meta":{"_uag_custom_page_level_css":"","_EventAllDay":false,"_EventTimezone":"","_EventStartDate":"","_EventEndDate":"","_EventStartDateUTC":"","_EventEndDateUTC":"","_EventShowMap":false,"_EventShowMapLink":false,"_EventURL":"","_EventCost":"","_EventCostDescription":"","_EventCurrencySymbol":"","_EventCurrencyCode":"","_EventCurrencyPosition":"","_EventDateTimeSeparator":"","_EventTimeRangeSeparator":"","_EventOrganizerID":[],"_EventVenueID":[],"_OrganizerEmail":"","_OrganizerPhone":"","_OrganizerWebsite":"","_VenueAddress":"","_VenueCity":"","_VenueCountry":"","_VenueProvince":"","_VenueState":"","_VenueZip":"","_VenuePhone":"","_VenueURL":"","_VenueStateProvince":"","_VenueLat":"","_VenueLng":"","_VenueShowMap":false,"_VenueShowMapLink":false,"_kadence_starter_templates_imported_post":false,"_kad_post_transparent":"","_kad_post_title":"","_kad_post_layout":"right","_kad_post_sidebar_id":"sidebar-primary","_kad_post_content_style":"","_kad_post_vertical_padding":"","_kad_post_feature":"","_kad_post_feature_position":"","_kad_post_header":false,"_kad_post_footer":false,"_kad_post_classname":"","footnotes":""},"categories":[35,37],"tags":[222,220,221],"class_list":["post-4618","post","type-post","status-publish","format-standard","has-post-thumbnail","hentry","category-avis-recherches","category-non-classe","tag-222","tag-les-reliques","tag-longpre-les-corps-saintss"],"uagb_featured_image_src":{"full":["https:\/\/histoire-longpre-lcs.org\/blog-histoire\/wp-content\/uploads\/2024\/02\/photo-frederic-Prevost-1955.jpg",1279,977,false],"thumbnail":["https:\/\/histoire-longpre-lcs.org\/blog-histoire\/wp-content\/uploads\/2024\/02\/photo-frederic-Prevost-1955-150x150.jpg",150,150,true],"medium":["https:\/\/histoire-longpre-lcs.org\/blog-histoire\/wp-content\/uploads\/2024\/02\/photo-frederic-Prevost-1955-300x229.jpg",300,229,true],"medium_large":["https:\/\/histoire-longpre-lcs.org\/blog-histoire\/wp-content\/uploads\/2024\/02\/photo-frederic-Prevost-1955-768x587.jpg",768,587,true],"large":["https:\/\/histoire-longpre-lcs.org\/blog-histoire\/wp-content\/uploads\/2024\/02\/photo-frederic-Prevost-1955-1024x782.jpg",1024,782,true],"1536x1536":["https:\/\/histoire-longpre-lcs.org\/blog-histoire\/wp-content\/uploads\/2024\/02\/photo-frederic-Prevost-1955.jpg",1279,977,false],"2048x2048":["https:\/\/histoire-longpre-lcs.org\/blog-histoire\/wp-content\/uploads\/2024\/02\/photo-frederic-Prevost-1955.jpg",1279,977,false]},"uagb_author_info":{"display_name":"Zembla-80","author_link":"https:\/\/histoire-longpre-lcs.org\/blog-histoire\/author\/zembla-80\/"},"uagb_comment_info":0,"uagb_excerpt":"C\u00e9r\u00e9monie des Reliques \u00e0\u00a0Longpr\u00e9 les Corps Saints, Photo du 08 septembre 1955. Avec une signature de M. Berger.","_links":{"self":[{"href":"https:\/\/histoire-longpre-lcs.org\/blog-histoire\/wp-json\/wp\/v2\/posts\/4618","targetHints":{"allow":["GET"]}}],"collection":[{"href":"https:\/\/histoire-longpre-lcs.org\/blog-histoire\/wp-json\/wp\/v2\/posts"}],"about":[{"href":"https:\/\/histoire-longpre-lcs.org\/blog-histoire\/wp-json\/wp\/v2\/types\/post"}],"author":[{"embeddable":true,"href":"https:\/\/histoire-longpre-lcs.org\/blog-histoire\/wp-json\/wp\/v2\/users\/1"}],"replies":[{"embeddable":true,"href":"https:\/\/histoire-longpre-lcs.org\/blog-histoire\/wp-json\/wp\/v2\/comments?post=4618"}],"version-history":[{"count":13,"href":"https:\/\/histoire-longpre-lcs.org\/blog-histoire\/wp-json\/wp\/v2\/posts\/4618\/revisions"}],"predecessor-version":[{"id":6165,"href":"https:\/\/histoire-longpre-lcs.org\/blog-histoire\/wp-json\/wp\/v2\/posts\/4618\/revisions\/6165"}],"wp:featuredmedia":[{"embeddable":true,"href":"https:\/\/histoire-longpre-lcs.org\/blog-histoire\/wp-json\/wp\/v2\/media\/4622"}],"wp:attachment":[{"href":"https:\/\/histoire-longpre-lcs.org\/blog-histoire\/wp-json\/wp\/v2\/media?parent=4618"}],"wp:term":[{"taxonomy":"category","embeddable":true,"href":"https:\/\/histoire-longpre-lcs.org\/blog-histoire\/wp-json\/wp\/v2\/categories?post=4618"},{"taxonomy":"post_tag","embeddable":true,"href":"https:\/\/histoire-longpre-lcs.org\/blog-histoire\/wp-json\/wp\/v2\/tags?post=4618"}],"curies":[{"name":"wp","href":"https:\/\/api.w.org\/{rel}","templated":true}]}}