{"id":3852,"date":"2023-11-19T08:01:12","date_gmt":"2023-11-19T08:01:12","guid":{"rendered":"https:\/\/histoiredelongprelcs.org\/blog-histoire\/?p=3852"},"modified":"2024-02-21T05:42:24","modified_gmt":"2024-02-21T05:42:24","slug":"kit-par-defaut-4","status":"publish","type":"post","link":"https:\/\/histoire-longpre-lcs.org\/blog-histoire\/kit-par-defaut-4\/","title":{"rendered":"Classe de primaire ann\u00e9e inconnue"},"content":{"rendered":"\t\t<div data-elementor-type=\"wp-post\" data-elementor-id=\"3852\" class=\"elementor elementor-3852\">\n\t\t\t\t\t\t<section class=\"elementor-section elementor-top-section elementor-element elementor-element-3f1460f7 elementor-section-boxed elementor-section-height-default elementor-section-height-default\" data-id=\"3f1460f7\" data-element_type=\"section\" data-e-type=\"section\">\n\t\t\t\t\t\t<div class=\"elementor-container elementor-column-gap-default\">\n\t\t\t\t\t<div class=\"elementor-column elementor-col-100 elementor-top-column elementor-element elementor-element-526e0b79\" data-id=\"526e0b79\" data-element_type=\"column\" data-e-type=\"column\">\n\t\t\t<div class=\"elementor-widget-wrap elementor-element-populated\">\n\t\t\t\t\t\t<div class=\"elementor-element elementor-element-2ce66a65 elementor-widget elementor-widget-heading\" data-id=\"2ce66a65\" data-element_type=\"widget\" data-e-type=\"widget\" data-widget_type=\"heading.default\">\n\t\t\t\t<div class=\"elementor-widget-container\">\n\t\t\t\t\t<div id=\"ez-toc-container\" class=\"ez-toc-v2_0_87 counter-hierarchy ez-toc-counter ez-toc-light-blue ez-toc-container-direction\">\n<div class=\"ez-toc-title-container\">\n<p class=\"ez-toc-title\" style=\"cursor:inherit\">Table des mati\u00e9res<\/p>\n<span class=\"ez-toc-title-toggle\"><a href=\"#\" class=\"ez-toc-pull-right ez-toc-btn ez-toc-btn-xs ez-toc-btn-default ez-toc-toggle\" aria-label=\"Toggle Table of Content\"><span class=\"ez-toc-js-icon-con\"><span class=\"\"><span class=\"eztoc-hide\" style=\"display:none;\">Toggle<\/span><span class=\"ez-toc-icon-toggle-span\"><svg style=\"fill: #999;color:#999\" xmlns=\"http:\/\/www.w3.org\/2000\/svg\" class=\"list-377408\" width=\"20px\" height=\"20px\" viewBox=\"0 0 24 24\" fill=\"none\"><path d=\"M6 6H4v2h2V6zm14 0H8v2h12V6zM4 11h2v2H4v-2zm16 0H8v2h12v-2zM4 16h2v2H4v-2zm16 0H8v2h12v-2z\" fill=\"currentColor\"><\/path><\/svg><svg style=\"fill: #999;color:#999\" class=\"arrow-unsorted-368013\" xmlns=\"http:\/\/www.w3.org\/2000\/svg\" width=\"10px\" height=\"10px\" viewBox=\"0 0 24 24\" version=\"1.2\" baseProfile=\"tiny\"><path d=\"M18.2 9.3l-6.2-6.3-6.2 6.3c-.2.2-.3.4-.3.7s.1.5.3.7c.2.2.4.3.7.3h11c.3 0 .5-.1.7-.3.2-.2.3-.5.3-.7s-.1-.5-.3-.7zM5.8 14.7l6.2 6.3 6.2-6.3c.2-.2.3-.5.3-.7s-.1-.5-.3-.7c-.2-.2-.4-.3-.7-.3h-11c-.3 0-.5.1-.7.3-.2.2-.3.5-.3.7s.1.5.3.7z\"\/><\/svg><\/span><\/span><\/span><\/a><\/span><\/div>\n<nav><ul class='ez-toc-list ez-toc-list-level-1 eztoc-toggle-hide-by-default' ><li class='ez-toc-page-1 ez-toc-heading-level-2'><a class=\"ez-toc-link ez-toc-heading-1\" href=\"https:\/\/histoire-longpre-lcs.org\/blog-histoire\/kit-par-defaut-4\/#Histoire_des_ecoles_a_Longpre\" >Histoire des \u00e9coles \u00e0 Longpr\u00e9.<\/a><\/li><li class='ez-toc-page-1 ez-toc-heading-level-2'><a class=\"ez-toc-link ez-toc-heading-2\" href=\"https:\/\/histoire-longpre-lcs.org\/blog-histoire\/kit-par-defaut-4\/#Classe_ecole_des_garcons_Classe_1964_1965\" >Classe \u00e9cole des gar\u00e7ons, Classe 1964 \/ 1965.<\/a><\/li><li class='ez-toc-page-1 ez-toc-heading-level-2'><a class=\"ez-toc-link ez-toc-heading-3\" href=\"https:\/\/histoire-longpre-lcs.org\/blog-histoire\/kit-par-defaut-4\/#Qui_sont_ces_jeunes\" >Qui sont ces jeunes ?<\/a><\/li><\/ul><\/nav><\/div>\n<h2 class=\"elementor-heading-title elementor-size-default\"><span class=\"ez-toc-section\" id=\"Histoire_des_ecoles_a_Longpre\"><\/span>Histoire des \u00e9coles \u00e0 Longpr\u00e9.<span class=\"ez-toc-section-end\"><\/span><\/h2>\t\t\t\t<\/div>\n\t\t\t\t<\/div>\n\t\t\t\t<div class=\"elementor-element elementor-element-54d26212 elementor-widget elementor-widget-text-editor\" data-id=\"54d26212\" data-element_type=\"widget\" data-e-type=\"widget\" data-widget_type=\"text-editor.default\">\n\t\t\t\t<div class=\"elementor-widget-container\">\n\t\t\t\t\t\t\t\t\t<p><strong>Si vous avez des renseignements sur les \u00e9coles de Longpr\u00e9, date de cr\u00e9ation, des photos, les personnes qui y ont travaill\u00e9, etc&#8230;<\/strong><br \/><strong>Utilisez la boite commentaire pour nous les faire parvenir.<\/strong><br \/><strong>Merci par avance.<\/strong><\/p>\t\t\t\t\t\t\t\t<\/div>\n\t\t\t\t<\/div>\n\t\t\t\t<div class=\"elementor-element elementor-element-20e96ae4 elementor-widget elementor-widget-heading\" data-id=\"20e96ae4\" data-element_type=\"widget\" data-e-type=\"widget\" data-widget_type=\"heading.default\">\n\t\t\t\t<div class=\"elementor-widget-container\">\n\t\t\t\t\t<h2 class=\"elementor-heading-title elementor-size-default\"><span class=\"ez-toc-section\" id=\"Classe_ecole_des_garcons_Classe_1964_1965\"><\/span>Classe \u00e9cole des gar\u00e7ons, Classe 1964 \/ 1965.<span class=\"ez-toc-section-end\"><\/span><\/h2>\t\t\t\t<\/div>\n\t\t\t\t<\/div>\n\t\t\t\t<div class=\"elementor-element elementor-element-2234d45e elementor-widget elementor-widget-image\" data-id=\"2234d45e\" data-element_type=\"widget\" data-e-type=\"widget\" data-widget_type=\"image.default\">\n\t\t\t\t<div class=\"elementor-widget-container\">\n\t\t\t\t\t\t\t\t\t\t\t\t<figure class=\"wp-caption\">\n\t\t\t\t\t\t\t\t\t\t\t<a href=\"https:\/\/histoiredelongprelcs.org\/blog-histoire\/wp-content\/uploads\/2023\/11\/402172890_893843428791981_85028097586337270_n.jpg\" data-elementor-open-lightbox=\"yes\" data-elementor-lightbox-title=\"402172890_893843428791981_85028097586337270_n\" data-elementor-lightbox-description=\"Photo de classe \u00c3\u00a0 Longpr\u00c3\u00a9, date inconnue, don de Mme Karine Picard.\" data-e-action-hash=\"#elementor-action%3Aaction%3Dlightbox%26settings%3DeyJpZCI6Mzg1NiwidXJsIjoiaHR0cHM6XC9cL2hpc3RvaXJlLWxvbmdwcmUtbGNzLm9yZ1wvYmxvZy1oaXN0b2lyZVwvd3AtY29udGVudFwvdXBsb2Fkc1wvMjAyM1wvMTFcLzQwMjE3Mjg5MF84OTM4NDM0Mjg3OTE5ODFfODUwMjgwOTc1ODYzMzcyNzBfbi5qcGcifQ%3D%3D\" target=\"_blank\" rel=\"noopener\">\n\t\t\t\t\t\t\t<img fetchpriority=\"high\" decoding=\"async\" width=\"1024\" height=\"706\" src=\"https:\/\/histoire-longpre-lcs.org\/blog-histoire\/wp-content\/uploads\/2023\/11\/402172890_893843428791981_85028097586337270_n-1024x706.jpg\" class=\"attachment-large size-large wp-image-3856\" alt=\"Photo de classe \u00c3\u00a0 Longpr\u00c3\u00a9, date inconnue, don de Mme Karine Picard.\" srcset=\"https:\/\/histoire-longpre-lcs.org\/blog-histoire\/wp-content\/uploads\/2023\/11\/402172890_893843428791981_85028097586337270_n-1024x706.jpg 1024w, https:\/\/histoire-longpre-lcs.org\/blog-histoire\/wp-content\/uploads\/2023\/11\/402172890_893843428791981_85028097586337270_n-300x207.jpg 300w, https:\/\/histoire-longpre-lcs.org\/blog-histoire\/wp-content\/uploads\/2023\/11\/402172890_893843428791981_85028097586337270_n-768x530.jpg 768w, https:\/\/histoire-longpre-lcs.org\/blog-histoire\/wp-content\/uploads\/2023\/11\/402172890_893843428791981_85028097586337270_n-1536x1059.jpg 1536w, https:\/\/histoire-longpre-lcs.org\/blog-histoire\/wp-content\/uploads\/2023\/11\/402172890_893843428791981_85028097586337270_n-750x517.jpg 750w, https:\/\/histoire-longpre-lcs.org\/blog-histoire\/wp-content\/uploads\/2023\/11\/402172890_893843428791981_85028097586337270_n-600x414.jpg 600w, https:\/\/histoire-longpre-lcs.org\/blog-histoire\/wp-content\/uploads\/2023\/11\/402172890_893843428791981_85028097586337270_n.jpg 1866w\" sizes=\"(max-width: 1024px) 100vw, 1024px\" \/>\t\t\t\t\t\t\t\t<\/a>\n\t\t\t\t\t\t\t\t\t\t\t<figcaption class=\"widget-image-caption wp-caption-text\">Photo de classe \u00c3\u00a0 Longpr\u00c3\u00a9, date inconnue, don de Mme Karine Picard.<\/figcaption>\n\t\t\t\t\t\t\t\t\t\t<\/figure>\n\t\t\t\t\t\t\t\t\t<\/div>\n\t\t\t\t<\/div>\n\t\t\t\t<div class=\"elementor-element elementor-element-3b61aef9 elementor-widget elementor-widget-image\" data-id=\"3b61aef9\" data-element_type=\"widget\" data-e-type=\"widget\" data-widget_type=\"image.default\">\n\t\t\t\t<div class=\"elementor-widget-container\">\n\t\t\t\t\t\t\t\t\t\t\t\t\t\t\t\t<a href=\"https:\/\/histoiredelongprelcs.org\/blog-histoire\/wp-content\/uploads\/2023\/11\/402172890_893843428791981_85028097586337270_n-numerote.jpg\" data-elementor-open-lightbox=\"yes\" data-elementor-lightbox-title=\"402172890_893843428791981_85028097586337270_n-num\u00c3\u00a9rot\u00c3\u00a9\" data-elementor-lightbox-description=\"Photo de classe \u00c3\u00a0 Longpr\u00c3\u00a9, date inconnue, don de Mme Karine Picard-num\u00c3\u00a9rot\u00c3\u00a9.\" data-e-action-hash=\"#elementor-action%3Aaction%3Dlightbox%26settings%3DeyJpZCI6Mzg1NSwidXJsIjoiaHR0cHM6XC9cL2hpc3RvaXJlLWxvbmdwcmUtbGNzLm9yZ1wvYmxvZy1oaXN0b2lyZVwvd3AtY29udGVudFwvdXBsb2Fkc1wvMjAyM1wvMTFcLzQwMjE3Mjg5MF84OTM4NDM0Mjg3OTE5ODFfODUwMjgwOTc1ODYzMzcyNzBfbi1udW1lcm90ZS5qcGcifQ%3D%3D\" target=\"_blank\" rel=\"noopener\">\n\t\t\t\t\t\t\t<img decoding=\"async\" width=\"1024\" height=\"706\" src=\"https:\/\/histoire-longpre-lcs.org\/blog-histoire\/wp-content\/uploads\/2023\/11\/402172890_893843428791981_85028097586337270_n-numerote-1024x706.jpg\" class=\"attachment-large size-large wp-image-3855\" alt=\"Photo de classe \u00c3\u00a0 Longpr\u00c3\u00a9, date inconnue, don de Mme Karine Picard-num\u00c3\u00a9rot\u00c3\u00a9.\" srcset=\"https:\/\/histoire-longpre-lcs.org\/blog-histoire\/wp-content\/uploads\/2023\/11\/402172890_893843428791981_85028097586337270_n-numerote-1024x706.jpg 1024w, https:\/\/histoire-longpre-lcs.org\/blog-histoire\/wp-content\/uploads\/2023\/11\/402172890_893843428791981_85028097586337270_n-numerote-300x207.jpg 300w, https:\/\/histoire-longpre-lcs.org\/blog-histoire\/wp-content\/uploads\/2023\/11\/402172890_893843428791981_85028097586337270_n-numerote-768x530.jpg 768w, https:\/\/histoire-longpre-lcs.org\/blog-histoire\/wp-content\/uploads\/2023\/11\/402172890_893843428791981_85028097586337270_n-numerote-1536x1059.jpg 1536w, https:\/\/histoire-longpre-lcs.org\/blog-histoire\/wp-content\/uploads\/2023\/11\/402172890_893843428791981_85028097586337270_n-numerote-750x517.jpg 750w, https:\/\/histoire-longpre-lcs.org\/blog-histoire\/wp-content\/uploads\/2023\/11\/402172890_893843428791981_85028097586337270_n-numerote-600x414.jpg 600w, https:\/\/histoire-longpre-lcs.org\/blog-histoire\/wp-content\/uploads\/2023\/11\/402172890_893843428791981_85028097586337270_n-numerote.jpg 1866w\" sizes=\"(max-width: 1024px) 100vw, 1024px\" \/>\t\t\t\t\t\t\t\t<\/a>\n\t\t\t\t\t\t\t\t\t\t\t\t\t\t\t<\/div>\n\t\t\t\t<\/div>\n\t\t\t\t<div class=\"elementor-element elementor-element-5f30edf2 elementor-widget elementor-widget-heading\" data-id=\"5f30edf2\" data-element_type=\"widget\" data-e-type=\"widget\" data-widget_type=\"heading.default\">\n\t\t\t\t<div class=\"elementor-widget-container\">\n\t\t\t\t\t<h4 class=\"elementor-heading-title elementor-size-default\">Photo archive de : Karine Picard (Polleux), les noms en commentaires.<\/h4>\t\t\t\t<\/div>\n\t\t\t\t<\/div>\n\t\t\t\t<div class=\"elementor-element elementor-element-1797f417 elementor-widget elementor-widget-heading\" data-id=\"1797f417\" data-element_type=\"widget\" data-e-type=\"widget\" data-widget_type=\"heading.default\">\n\t\t\t\t<div class=\"elementor-widget-container\">\n\t\t\t\t\t<h2 class=\"elementor-heading-title elementor-size-default\"><span class=\"ez-toc-section\" id=\"Qui_sont_ces_jeunes\"><\/span>Qui sont ces jeunes ?<span class=\"ez-toc-section-end\"><\/span><\/h2>\t\t\t\t<\/div>\n\t\t\t\t<\/div>\n\t\t\t\t<section class=\"elementor-section elementor-inner-section elementor-element elementor-element-551dd27 elementor-section-boxed elementor-section-height-default elementor-section-height-default\" data-id=\"551dd27\" data-element_type=\"section\" data-e-type=\"section\">\n\t\t\t\t\t\t<div class=\"elementor-container elementor-column-gap-default\">\n\t\t\t\t\t<div class=\"elementor-column elementor-col-50 elementor-inner-column elementor-element elementor-element-1de513c5\" data-id=\"1de513c5\" data-element_type=\"column\" data-e-type=\"column\">\n\t\t\t<div class=\"elementor-widget-wrap elementor-element-populated\">\n\t\t\t\t\t\t<div class=\"elementor-element elementor-element-53e9f393 elementor-widget elementor-widget-text-editor\" data-id=\"53e9f393\" data-element_type=\"widget\" data-e-type=\"widget\" data-widget_type=\"text-editor.default\">\n\t\t\t\t<div class=\"elementor-widget-container\">\n\t\t\t\t\t\t\t\t\t<ul><li><strong>1\/<\/strong><\/li><li><strong>2\/\u00a0 \u00a0 Louis SaintYves<\/strong><\/li><li><strong>3\/\u00a0 \u00a0 Pierre Saintyves<\/strong><\/li><li><strong>4\/\u00a0 \u00a0 Dominique Prudhomme<\/strong><\/li><li><strong>5\/<\/strong><\/li><li><strong>6\/\u00a0 \u00a0 Bruno Polleux<\/strong><\/li><li><strong>7\/\u00a0 \u00a0 &#8230;&#8230;&#8230;&#8230;Pad\u00e9<\/strong><\/li><li><strong>8\/\u00a0 \u00a0\u00a0<\/strong><\/li><li><strong>9\/\u00a0 \u00a0 &#8230;&#8230;&#8230;&#8230;Pad\u00e9<\/strong><\/li><li><strong>10\/\u00a0 Phillipe Firmin<\/strong><\/li><li><strong>11\/\u00a0 \u00a0 &#8230;&#8230;&#8230;.Lourdel<\/strong><\/li><li><strong>12\/\u00a0 \u00a0 Didier Deguisne<\/strong><\/li><\/ul>\t\t\t\t\t\t\t\t<\/div>\n\t\t\t\t<\/div>\n\t\t\t\t\t<\/div>\n\t\t<\/div>\n\t\t\t\t<div class=\"elementor-column elementor-col-50 elementor-inner-column elementor-element elementor-element-5842fc1\" data-id=\"5842fc1\" data-element_type=\"column\" data-e-type=\"column\">\n\t\t\t<div class=\"elementor-widget-wrap elementor-element-populated\">\n\t\t\t\t\t\t<div class=\"elementor-element elementor-element-7aaab46f elementor-widget elementor-widget-text-editor\" data-id=\"7aaab46f\" data-element_type=\"widget\" data-e-type=\"widget\" data-widget_type=\"text-editor.default\">\n\t\t\t\t<div class=\"elementor-widget-container\">\n\t\t\t\t\t\t\t\t\t<ul><li><strong>13\/\u00a0 Patrick Polleux<\/strong><\/li><li><strong>14\/<\/strong><\/li><li><strong>15\/<\/strong><\/li><li><strong>16\/\u00a0 \u00a0 Marc Olen<\/strong><\/li><li><strong>17\/<\/strong><\/li><li><strong>18\/<\/strong><\/li><li><strong>19\/ Dominique Deloubri\u00e9re<\/strong><\/li><li><strong>20\/\u00a0 Richard Garner<\/strong><\/li><li><strong>21\/<\/strong><\/li><li><strong>22\/\u00a0 Didier Contart\u00a0<\/strong><\/li><li><strong>23\/<\/strong><\/li><li><strong>24\/<\/strong><\/li><li><strong>25\/<\/strong><\/li><li><strong>26\/\u00a0 Alain Goslin<\/strong><\/li><li><strong>27\/\u00a0 Patrick Goslin<\/strong><\/li><\/ul>\t\t\t\t\t\t\t\t<\/div>\n\t\t\t\t<\/div>\n\t\t\t\t\t<\/div>\n\t\t<\/div>\n\t\t\t\t\t<\/div>\n\t\t<\/section>\n\t\t\t\t<div class=\"elementor-element elementor-element-35c852f0 elementor-widget elementor-widget-text-editor\" data-id=\"35c852f0\" data-element_type=\"widget\" data-e-type=\"widget\" data-widget_type=\"text-editor.default\">\n\t\t\t\t<div class=\"elementor-widget-container\">\n\t\t\t\t\t\t\t\t\t<p><strong>Si vous reconnaissez quelqu\u2019un sur cette photo, indiquez le num\u00e9ro et le nom\u00a0 et pr\u00e9nom en dessous dans les commentaires. Merci par avance.<\/strong><\/p>\t\t\t\t\t\t\t\t<\/div>\n\t\t\t\t<\/div>\n\t\t\t\t<div class=\"elementor-element elementor-element-593223d7 elementor-widget elementor-widget-text-editor\" data-id=\"593223d7\" data-element_type=\"widget\" data-e-type=\"widget\" data-widget_type=\"text-editor.default\">\n\t\t\t\t<div class=\"elementor-widget-container\">\n\t\t\t\t\t\t\t\t\t<p><strong>Si vous avez en votre possession des photos anciennes d&rsquo;\u00e9quipes de sports, de r\u00e9unions officielles, de photos de classes, de f\u00eates collectives de Longpr\u00e9 les Corps Saint ou concernant notre ville.<\/strong><br \/><strong>Contactez-moi \u00e0 cette adresse : <a href=\"mailto:asp.longiprate@gmail.com\">asp.longiprate@gmail.com<\/a><\/strong><br \/><strong>Nous vous en remercierons par avance et vous permettrez \u00e0 tous d&rsquo;y retrouver peut-\u00eatre un proche ou ami (e).<\/strong><\/p>\t\t\t\t\t\t\t\t<\/div>\n\t\t\t\t<\/div>\n\t\t\t\t\t<\/div>\n\t\t<\/div>\n\t\t\t\t\t<\/div>\n\t\t<\/section>\n\t\t\t\t<\/div>\n\t\t","protected":false},"excerpt":{"rendered":"<p>Photo classe de primaire \u00e0 Longpr\u00e9 les Corps Saints, ann\u00e9e inconnue. Photo de Karine Picard.<\/p>\n","protected":false},"author":1,"featured_media":3855,"comment_status":"open","ping_status":"open","sticky":false,"template":"","format":"standard","meta":{"_uag_custom_page_level_css":"","_EventAllDay":false,"_EventTimezone":"","_EventStartDate":"","_EventEndDate":"","_EventStartDateUTC":"","_EventEndDateUTC":"","_EventShowMap":false,"_EventShowMapLink":false,"_EventURL":"","_EventCost":"","_EventCostDescription":"","_EventCurrencySymbol":"","_EventCurrencyCode":"","_EventCurrencyPosition":"","_EventDateTimeSeparator":"","_EventTimeRangeSeparator":"","_EventOrganizerID":[],"_EventVenueID":[],"_OrganizerEmail":"","_OrganizerPhone":"","_OrganizerWebsite":"","_VenueAddress":"","_VenueCity":"","_VenueCountry":"","_VenueProvince":"","_VenueState":"","_VenueZip":"","_VenuePhone":"","_VenueURL":"","_VenueStateProvince":"","_VenueLat":"","_VenueLng":"","_VenueShowMap":false,"_VenueShowMapLink":false,"_kadence_starter_templates_imported_post":false,"_kad_post_transparent":"","_kad_post_title":"","_kad_post_layout":"right","_kad_post_sidebar_id":"sidebar-primary","_kad_post_content_style":"","_kad_post_vertical_padding":"","_kad_post_feature":"","_kad_post_feature_position":"","_kad_post_header":false,"_kad_post_footer":false,"_kad_post_classname":"","footnotes":""},"categories":[35,38],"tags":[81,73,227],"class_list":["post-3852","post","type-post","status-publish","format-standard","has-post-thumbnail","hentry","category-avis-recherches","category-photos-classes","tag-classe","tag-enfants","tag-longpre-2"],"uagb_featured_image_src":{"full":["https:\/\/histoire-longpre-lcs.org\/blog-histoire\/wp-content\/uploads\/2023\/11\/402172890_893843428791981_85028097586337270_n-numerote.jpg",1866,1287,false],"thumbnail":["https:\/\/histoire-longpre-lcs.org\/blog-histoire\/wp-content\/uploads\/2023\/11\/402172890_893843428791981_85028097586337270_n-numerote-150x150.jpg",150,150,true],"medium":["https:\/\/histoire-longpre-lcs.org\/blog-histoire\/wp-content\/uploads\/2023\/11\/402172890_893843428791981_85028097586337270_n-numerote-300x207.jpg",300,207,true],"medium_large":["https:\/\/histoire-longpre-lcs.org\/blog-histoire\/wp-content\/uploads\/2023\/11\/402172890_893843428791981_85028097586337270_n-numerote-768x530.jpg",768,530,true],"large":["https:\/\/histoire-longpre-lcs.org\/blog-histoire\/wp-content\/uploads\/2023\/11\/402172890_893843428791981_85028097586337270_n-numerote-1024x706.jpg",1024,706,true],"1536x1536":["https:\/\/histoire-longpre-lcs.org\/blog-histoire\/wp-content\/uploads\/2023\/11\/402172890_893843428791981_85028097586337270_n-numerote-1536x1059.jpg",1536,1059,true],"2048x2048":["https:\/\/histoire-longpre-lcs.org\/blog-histoire\/wp-content\/uploads\/2023\/11\/402172890_893843428791981_85028097586337270_n-numerote.jpg",1866,1287,false]},"uagb_author_info":{"display_name":"Zembla-80","author_link":"https:\/\/histoire-longpre-lcs.org\/blog-histoire\/author\/zembla-80\/"},"uagb_comment_info":0,"uagb_excerpt":"Photo classe de primaire \u00e0 Longpr\u00e9 les Corps Saints, ann\u00e9e inconnue. Photo de Karine Picard.","_links":{"self":[{"href":"https:\/\/histoire-longpre-lcs.org\/blog-histoire\/wp-json\/wp\/v2\/posts\/3852","targetHints":{"allow":["GET"]}}],"collection":[{"href":"https:\/\/histoire-longpre-lcs.org\/blog-histoire\/wp-json\/wp\/v2\/posts"}],"about":[{"href":"https:\/\/histoire-longpre-lcs.org\/blog-histoire\/wp-json\/wp\/v2\/types\/post"}],"author":[{"embeddable":true,"href":"https:\/\/histoire-longpre-lcs.org\/blog-histoire\/wp-json\/wp\/v2\/users\/1"}],"replies":[{"embeddable":true,"href":"https:\/\/histoire-longpre-lcs.org\/blog-histoire\/wp-json\/wp\/v2\/comments?post=3852"}],"version-history":[{"count":22,"href":"https:\/\/histoire-longpre-lcs.org\/blog-histoire\/wp-json\/wp\/v2\/posts\/3852\/revisions"}],"predecessor-version":[{"id":5021,"href":"https:\/\/histoire-longpre-lcs.org\/blog-histoire\/wp-json\/wp\/v2\/posts\/3852\/revisions\/5021"}],"wp:featuredmedia":[{"embeddable":true,"href":"https:\/\/histoire-longpre-lcs.org\/blog-histoire\/wp-json\/wp\/v2\/media\/3855"}],"wp:attachment":[{"href":"https:\/\/histoire-longpre-lcs.org\/blog-histoire\/wp-json\/wp\/v2\/media?parent=3852"}],"wp:term":[{"taxonomy":"category","embeddable":true,"href":"https:\/\/histoire-longpre-lcs.org\/blog-histoire\/wp-json\/wp\/v2\/categories?post=3852"},{"taxonomy":"post_tag","embeddable":true,"href":"https:\/\/histoire-longpre-lcs.org\/blog-histoire\/wp-json\/wp\/v2\/tags?post=3852"}],"curies":[{"name":"wp","href":"https:\/\/api.w.org\/{rel}","templated":true}]}}