{"id":3778,"date":"2023-11-11T06:21:39","date_gmt":"2023-11-11T06:21:39","guid":{"rendered":"https:\/\/histoiredelongprelcs.org\/blog-histoire\/?p=3778"},"modified":"2024-02-21T05:46:38","modified_gmt":"2024-02-21T05:46:38","slug":"classe-ce2-longpre-1999-2000","status":"publish","type":"post","link":"https:\/\/histoire-longpre-lcs.org\/blog-histoire\/classe-ce2-longpre-1999-2000\/","title":{"rendered":"Classe CE2 Longpr\u00e9 1999-2000"},"content":{"rendered":"\t\t<div data-elementor-type=\"wp-post\" data-elementor-id=\"3778\" class=\"elementor elementor-3778\">\n\t\t\t\t\t\t<section class=\"elementor-section elementor-top-section elementor-element elementor-element-28434fcf elementor-section-boxed elementor-section-height-default elementor-section-height-default\" data-id=\"28434fcf\" data-element_type=\"section\" data-e-type=\"section\">\n\t\t\t\t\t\t<div class=\"elementor-container elementor-column-gap-default\">\n\t\t\t\t\t<div class=\"elementor-column elementor-col-100 elementor-top-column elementor-element elementor-element-2465ae47\" data-id=\"2465ae47\" data-element_type=\"column\" data-e-type=\"column\">\n\t\t\t<div class=\"elementor-widget-wrap elementor-element-populated\">\n\t\t\t\t\t\t<div class=\"elementor-element elementor-element-439e05 elementor-widget elementor-widget-heading\" data-id=\"439e05\" data-element_type=\"widget\" data-e-type=\"widget\" data-widget_type=\"heading.default\">\n\t\t\t\t<div class=\"elementor-widget-container\">\n\t\t\t\t\t<div id=\"ez-toc-container\" class=\"ez-toc-v2_0_87 counter-hierarchy ez-toc-counter ez-toc-light-blue ez-toc-container-direction\">\n<div class=\"ez-toc-title-container\">\n<p class=\"ez-toc-title\" style=\"cursor:inherit\">Table des mati\u00e9res<\/p>\n<span class=\"ez-toc-title-toggle\"><a href=\"#\" class=\"ez-toc-pull-right ez-toc-btn ez-toc-btn-xs ez-toc-btn-default ez-toc-toggle\" aria-label=\"Toggle Table of Content\"><span class=\"ez-toc-js-icon-con\"><span class=\"\"><span class=\"eztoc-hide\" style=\"display:none;\">Toggle<\/span><span class=\"ez-toc-icon-toggle-span\"><svg style=\"fill: #999;color:#999\" xmlns=\"http:\/\/www.w3.org\/2000\/svg\" class=\"list-377408\" width=\"20px\" height=\"20px\" viewBox=\"0 0 24 24\" fill=\"none\"><path d=\"M6 6H4v2h2V6zm14 0H8v2h12V6zM4 11h2v2H4v-2zm16 0H8v2h12v-2zM4 16h2v2H4v-2zm16 0H8v2h12v-2z\" fill=\"currentColor\"><\/path><\/svg><svg style=\"fill: #999;color:#999\" class=\"arrow-unsorted-368013\" xmlns=\"http:\/\/www.w3.org\/2000\/svg\" width=\"10px\" height=\"10px\" viewBox=\"0 0 24 24\" version=\"1.2\" baseProfile=\"tiny\"><path d=\"M18.2 9.3l-6.2-6.3-6.2 6.3c-.2.2-.3.4-.3.7s.1.5.3.7c.2.2.4.3.7.3h11c.3 0 .5-.1.7-.3.2-.2.3-.5.3-.7s-.1-.5-.3-.7zM5.8 14.7l6.2 6.3 6.2-6.3c.2-.2.3-.5.3-.7s-.1-.5-.3-.7c-.2-.2-.4-.3-.7-.3h-11c-.3 0-.5.1-.7.3-.2.2-.3.5-.3.7s.1.5.3.7z\"\/><\/svg><\/span><\/span><\/span><\/a><\/span><\/div>\n<nav><ul class='ez-toc-list ez-toc-list-level-1 eztoc-toggle-hide-by-default' ><li class='ez-toc-page-1 ez-toc-heading-level-2'><a class=\"ez-toc-link ez-toc-heading-1\" href=\"https:\/\/histoire-longpre-lcs.org\/blog-histoire\/classe-ce2-longpre-1999-2000\/#Histoire_des_ecoles_a_Longpre\" >Histoire des \u00e9coles \u00e0 Longpr\u00e9.<\/a><\/li><li class='ez-toc-page-1 ez-toc-heading-level-2'><a class=\"ez-toc-link ez-toc-heading-2\" href=\"https:\/\/histoire-longpre-lcs.org\/blog-histoire\/classe-ce2-longpre-1999-2000\/#Classe_de_CE2_19992000\" >Classe de CE2, 1999\/2000<\/a><\/li><li class='ez-toc-page-1 ez-toc-heading-level-2'><a class=\"ez-toc-link ez-toc-heading-3\" href=\"https:\/\/histoire-longpre-lcs.org\/blog-histoire\/classe-ce2-longpre-1999-2000\/#Qui_sont_ces_jeunes\" >Qui sont ces jeunes ?<\/a><\/li><\/ul><\/nav><\/div>\n<h2 class=\"elementor-heading-title elementor-size-default\"><span class=\"ez-toc-section\" id=\"Histoire_des_ecoles_a_Longpre\"><\/span>Histoire des \u00e9coles \u00e0 Longpr\u00e9.<span class=\"ez-toc-section-end\"><\/span><\/h2>\t\t\t\t<\/div>\n\t\t\t\t<\/div>\n\t\t\t\t<div class=\"elementor-element elementor-element-6073a074 elementor-widget elementor-widget-text-editor\" data-id=\"6073a074\" data-element_type=\"widget\" data-e-type=\"widget\" data-widget_type=\"text-editor.default\">\n\t\t\t\t<div class=\"elementor-widget-container\">\n\t\t\t\t\t\t\t\t\t<p>Si vous avez des renseignements sur les \u00e9coles de Longpr\u00e9, date de cr\u00e9ation, des photos, les personnes qui y ont travaill\u00e9, etc&#8230;<br \/>Utilisez la boite commentaire pour nous les faire parvenir.<br \/>Merci par avance.<\/p>\t\t\t\t\t\t\t\t<\/div>\n\t\t\t\t<\/div>\n\t\t\t\t<div class=\"elementor-element elementor-element-69b7064d elementor-widget elementor-widget-heading\" data-id=\"69b7064d\" data-element_type=\"widget\" data-e-type=\"widget\" data-widget_type=\"heading.default\">\n\t\t\t\t<div class=\"elementor-widget-container\">\n\t\t\t\t\t<h2 class=\"elementor-heading-title elementor-size-default\"><span class=\"ez-toc-section\" id=\"Classe_de_CE2_19992000\"><\/span>Classe de CE2, 1999\/2000<span class=\"ez-toc-section-end\"><\/span><\/h2>\t\t\t\t<\/div>\n\t\t\t\t<\/div>\n\t\t\t\t<div class=\"elementor-element elementor-element-3c74df70 elementor-widget elementor-widget-image\" data-id=\"3c74df70\" data-element_type=\"widget\" data-e-type=\"widget\" data-widget_type=\"image.default\">\n\t\t\t\t<div class=\"elementor-widget-container\">\n\t\t\t\t\t\t\t\t\t\t\t\t<figure class=\"wp-caption\">\n\t\t\t\t\t\t\t\t\t\t\t<a href=\"https:\/\/histoiredelongprelcs.org\/blog-histoire\/wp-content\/uploads\/2023\/05\/ce1-64.jpg\" target=\"_blank\" rel=\"noopener\">\n\t\t\t\t\t\t\t<img fetchpriority=\"high\" decoding=\"async\" width=\"1024\" height=\"780\" src=\"https:\/\/histoire-longpre-lcs.org\/blog-histoire\/wp-content\/uploads\/2023\/11\/photo-primaire-Longpre-1999-2000-CE2-1024x780.jpg\" class=\"attachment-large size-large wp-image-3782\" alt=\"Classe CE2, 1999\/2000,\" srcset=\"https:\/\/histoire-longpre-lcs.org\/blog-histoire\/wp-content\/uploads\/2023\/11\/photo-primaire-Longpre-1999-2000-CE2-1024x780.jpg 1024w, https:\/\/histoire-longpre-lcs.org\/blog-histoire\/wp-content\/uploads\/2023\/11\/photo-primaire-Longpre-1999-2000-CE2-300x228.jpg 300w, https:\/\/histoire-longpre-lcs.org\/blog-histoire\/wp-content\/uploads\/2023\/11\/photo-primaire-Longpre-1999-2000-CE2-768x585.jpg 768w, https:\/\/histoire-longpre-lcs.org\/blog-histoire\/wp-content\/uploads\/2023\/11\/photo-primaire-Longpre-1999-2000-CE2-1536x1170.jpg 1536w, https:\/\/histoire-longpre-lcs.org\/blog-histoire\/wp-content\/uploads\/2023\/11\/photo-primaire-Longpre-1999-2000-CE2-2048x1560.jpg 2048w, https:\/\/histoire-longpre-lcs.org\/blog-histoire\/wp-content\/uploads\/2023\/11\/photo-primaire-Longpre-1999-2000-CE2-750x571.jpg 750w, https:\/\/histoire-longpre-lcs.org\/blog-histoire\/wp-content\/uploads\/2023\/11\/photo-primaire-Longpre-1999-2000-CE2-600x457.jpg 600w\" sizes=\"(max-width: 1024px) 100vw, 1024px\" \/>\t\t\t\t\t\t\t\t<\/a>\n\t\t\t\t\t\t\t\t\t\t\t<figcaption class=\"widget-image-caption wp-caption-text\">Classe CE2, 1999\/2000, <\/figcaption>\n\t\t\t\t\t\t\t\t\t\t<\/figure>\n\t\t\t\t\t\t\t\t\t<\/div>\n\t\t\t\t<\/div>\n\t\t\t\t<div class=\"elementor-element elementor-element-276f41d3 elementor-widget elementor-widget-image\" data-id=\"276f41d3\" data-element_type=\"widget\" data-e-type=\"widget\" data-widget_type=\"image.default\">\n\t\t\t\t<div class=\"elementor-widget-container\">\n\t\t\t\t\t\t\t\t\t\t\t\t\t\t\t\t<a href=\"https:\/\/histoiredelongprelcs.org\/blog-histoire\/wp-content\/uploads\/2023\/11\/photo-primaire-Longpre-1999-2000-CE2numerote-scaled.jpg\" data-elementor-open-lightbox=\"yes\" data-elementor-lightbox-title=\"photo primaire Longpr\u00c3\u00a9 1999-2000 CE2num\u00c3\u00a9rot\u00c3\u00a9\" data-elementor-lightbox-description=\"Classe CE2, 1999\/2000, \" data-e-action-hash=\"#elementor-action%3Aaction%3Dlightbox%26settings%3DeyJpZCI6Mzc3OSwidXJsIjoiaHR0cHM6XC9cL2hpc3RvaXJlLWxvbmdwcmUtbGNzLm9yZ1wvYmxvZy1oaXN0b2lyZVwvd3AtY29udGVudFwvdXBsb2Fkc1wvMjAyM1wvMTFcL3Bob3RvLXByaW1haXJlLUxvbmdwcmUtMTk5OS0yMDAwLUNFMm51bWVyb3RlLXNjYWxlZC5qcGcifQ%3D%3D\" target=\"_blank\" rel=\"noopener\">\n\t\t\t\t\t\t\t<img decoding=\"async\" width=\"1024\" height=\"780\" src=\"https:\/\/histoire-longpre-lcs.org\/blog-histoire\/wp-content\/uploads\/2023\/11\/photo-primaire-Longpre-1999-2000-CE2numerote-1024x780.jpg\" class=\"attachment-large size-large wp-image-3779\" alt=\"Classe CE2, 1999\/2000,\" srcset=\"https:\/\/histoire-longpre-lcs.org\/blog-histoire\/wp-content\/uploads\/2023\/11\/photo-primaire-Longpre-1999-2000-CE2numerote-1024x780.jpg 1024w, https:\/\/histoire-longpre-lcs.org\/blog-histoire\/wp-content\/uploads\/2023\/11\/photo-primaire-Longpre-1999-2000-CE2numerote-300x228.jpg 300w, https:\/\/histoire-longpre-lcs.org\/blog-histoire\/wp-content\/uploads\/2023\/11\/photo-primaire-Longpre-1999-2000-CE2numerote-768x585.jpg 768w, https:\/\/histoire-longpre-lcs.org\/blog-histoire\/wp-content\/uploads\/2023\/11\/photo-primaire-Longpre-1999-2000-CE2numerote-1536x1170.jpg 1536w, https:\/\/histoire-longpre-lcs.org\/blog-histoire\/wp-content\/uploads\/2023\/11\/photo-primaire-Longpre-1999-2000-CE2numerote-2048x1560.jpg 2048w, https:\/\/histoire-longpre-lcs.org\/blog-histoire\/wp-content\/uploads\/2023\/11\/photo-primaire-Longpre-1999-2000-CE2numerote-750x571.jpg 750w, https:\/\/histoire-longpre-lcs.org\/blog-histoire\/wp-content\/uploads\/2023\/11\/photo-primaire-Longpre-1999-2000-CE2numerote-600x457.jpg 600w\" sizes=\"(max-width: 1024px) 100vw, 1024px\" \/>\t\t\t\t\t\t\t\t<\/a>\n\t\t\t\t\t\t\t\t\t\t\t\t\t\t\t<\/div>\n\t\t\t\t<\/div>\n\t\t\t\t<div class=\"elementor-element elementor-element-5b66e8d3 elementor-widget elementor-widget-heading\" data-id=\"5b66e8d3\" data-element_type=\"widget\" data-e-type=\"widget\" data-widget_type=\"heading.default\">\n\t\t\t\t<div class=\"elementor-widget-container\">\n\t\t\t\t\t<h4 class=\"elementor-heading-title elementor-size-default\">Photo archive de : Carine Bailly, Le groupe Facebook pour les noms.<\/h4>\t\t\t\t<\/div>\n\t\t\t\t<\/div>\n\t\t\t\t<div class=\"elementor-element elementor-element-57d72e68 elementor-widget elementor-widget-heading\" data-id=\"57d72e68\" data-element_type=\"widget\" data-e-type=\"widget\" data-widget_type=\"heading.default\">\n\t\t\t\t<div class=\"elementor-widget-container\">\n\t\t\t\t\t<h2 class=\"elementor-heading-title elementor-size-default\"><span class=\"ez-toc-section\" id=\"Qui_sont_ces_jeunes\"><\/span>Qui sont ces jeunes ?<span class=\"ez-toc-section-end\"><\/span><\/h2>\t\t\t\t<\/div>\n\t\t\t\t<\/div>\n\t\t\t\t<div class=\"elementor-element elementor-element-3bf962cb elementor-widget elementor-widget-text-editor\" data-id=\"3bf962cb\" data-element_type=\"widget\" data-e-type=\"widget\" data-widget_type=\"text-editor.default\">\n\t\t\t\t<div class=\"elementor-widget-container\">\n\t\t\t\t\t\t\t\t\t<p><span style=\"text-decoration: underline;\"><strong>Au 1er rang de gauche \u00e0 droite :<\/strong><\/span><\/p>\t\t\t\t\t\t\t\t<\/div>\n\t\t\t\t<\/div>\n\t\t\t\t<section class=\"elementor-section elementor-inner-section elementor-element elementor-element-422d3bb6 elementor-section-boxed elementor-section-height-default elementor-section-height-default\" data-id=\"422d3bb6\" data-element_type=\"section\" data-e-type=\"section\">\n\t\t\t\t\t\t<div class=\"elementor-container elementor-column-gap-default\">\n\t\t\t\t\t<div class=\"elementor-column elementor-col-50 elementor-inner-column elementor-element elementor-element-5882c445\" data-id=\"5882c445\" data-element_type=\"column\" data-e-type=\"column\">\n\t\t\t<div class=\"elementor-widget-wrap elementor-element-populated\">\n\t\t\t\t\t\t<div class=\"elementor-element elementor-element-7b3bda5b elementor-widget elementor-widget-text-editor\" data-id=\"7b3bda5b\" data-element_type=\"widget\" data-e-type=\"widget\" data-widget_type=\"text-editor.default\">\n\t\t\t\t<div class=\"elementor-widget-container\">\n\t\t\t\t\t\t\t\t\t<ul><li><b>1\/<\/b><\/li><li><b>2\/<\/b><\/li><li><b>3\/<\/b><\/li><li><b>4\/<\/b><\/li><li><b>5\/<\/b><\/li><li><b>6\/<\/b><\/li><li><b>7\/<\/b><\/li><li><b>8\/<\/b><\/li><li><b>9\/<\/b><\/li><li><b>10\/<\/b><\/li><li><b>11\/<\/b><\/li><li><b>12\/<\/b><b style=\"color: var( --e-global-color-text ); font-family: var( --e-global-typography-text-font-family ), Sans-serif; background-color: transparent;\">\u00a0<\/b><\/li><\/ul>\t\t\t\t\t\t\t\t<\/div>\n\t\t\t\t<\/div>\n\t\t\t\t\t<\/div>\n\t\t<\/div>\n\t\t\t\t<div class=\"elementor-column elementor-col-50 elementor-inner-column elementor-element elementor-element-5cf21aab\" data-id=\"5cf21aab\" data-element_type=\"column\" data-e-type=\"column\">\n\t\t\t<div class=\"elementor-widget-wrap elementor-element-populated\">\n\t\t\t\t\t\t<div class=\"elementor-element elementor-element-39c01683 elementor-widget elementor-widget-text-editor\" data-id=\"39c01683\" data-element_type=\"widget\" data-e-type=\"widget\" data-widget_type=\"text-editor.default\">\n\t\t\t\t<div class=\"elementor-widget-container\">\n\t\t\t\t\t\t\t\t\t<ul><li><b>13\/<\/b><\/li><li><b>14\/<\/b><\/li><li><b>15\/<\/b><\/li><li><b>16\/<\/b><\/li><li><b>17\/<\/b><\/li><li><b>18\/<\/b><\/li><li><b>19\/<\/b><\/li><li><b>20\/<\/b><\/li><li><b>*<\/b><\/li><\/ul>\t\t\t\t\t\t\t\t<\/div>\n\t\t\t\t<\/div>\n\t\t\t\t\t<\/div>\n\t\t<\/div>\n\t\t\t\t\t<\/div>\n\t\t<\/section>\n\t\t\t\t<div class=\"elementor-element elementor-element-7eb8e4ab elementor-widget elementor-widget-text-editor\" data-id=\"7eb8e4ab\" data-element_type=\"widget\" data-e-type=\"widget\" data-widget_type=\"text-editor.default\">\n\t\t\t\t<div class=\"elementor-widget-container\">\n\t\t\t\t\t\t\t\t\t<p><strong>Si vous reconnaissez quelqu\u2019un sur cette photo, indiquez le num\u00e9ro et le nom\u00a0 et pr\u00e9nom en dessous dans les commentaires. Merci par avance.<\/strong><\/p>\t\t\t\t\t\t\t\t<\/div>\n\t\t\t\t<\/div>\n\t\t\t\t<div class=\"elementor-element elementor-element-4ff4cb74 elementor-widget elementor-widget-text-editor\" data-id=\"4ff4cb74\" data-element_type=\"widget\" data-e-type=\"widget\" data-widget_type=\"text-editor.default\">\n\t\t\t\t<div class=\"elementor-widget-container\">\n\t\t\t\t\t\t\t\t\t<p><strong>Si vous avez en votre possession des photos anciennes d&rsquo;\u00e9quipes de sports, de r\u00e9unions officielles, de photos de classes, de f\u00eates collectives de Longpr\u00e9 les Corps Saint ou concernant notre ville.<\/strong><br \/><strong>Contactez-moi \u00e0 cette adresse : <a href=\"mailto:asp.longiprate@gmail.com\">asp.longiprate@gmail.com<\/a><\/strong><br \/><strong>Nous vous en remercierons par avance et vous permettrez \u00e0 tous d&rsquo;y retrouver peut-\u00eatre un proche ou ami (e).<\/strong><\/p>\t\t\t\t\t\t\t\t<\/div>\n\t\t\t\t<\/div>\n\t\t\t\t\t<\/div>\n\t\t<\/div>\n\t\t\t\t\t<\/div>\n\t\t<\/section>\n\t\t\t\t<\/div>\n\t\t","protected":false},"excerpt":{"rendered":"<p>Classe de CE2 \u00e0 Longpr\u00e9 les Corps Saints.<\/p>\n","protected":false},"author":1,"featured_media":3779,"comment_status":"open","ping_status":"open","sticky":false,"template":"","format":"standard","meta":{"_uag_custom_page_level_css":"","_EventAllDay":false,"_EventTimezone":"","_EventStartDate":"","_EventEndDate":"","_EventStartDateUTC":"","_EventEndDateUTC":"","_EventShowMap":false,"_EventShowMapLink":false,"_EventURL":"","_EventCost":"","_EventCostDescription":"","_EventCurrencySymbol":"","_EventCurrencyCode":"","_EventCurrencyPosition":"","_EventDateTimeSeparator":"","_EventTimeRangeSeparator":"","_EventOrganizerID":[],"_EventVenueID":[],"_OrganizerEmail":"","_OrganizerPhone":"","_OrganizerWebsite":"","_VenueAddress":"","_VenueCity":"","_VenueCountry":"","_VenueProvince":"","_VenueState":"","_VenueZip":"","_VenuePhone":"","_VenueURL":"","_VenueStateProvince":"","_VenueLat":"","_VenueLng":"","_VenueShowMap":false,"_VenueShowMapLink":false,"_kadence_starter_templates_imported_post":false,"_kad_post_transparent":"","_kad_post_title":"","_kad_post_layout":"right","_kad_post_sidebar_id":"sidebar-primary","_kad_post_content_style":"","_kad_post_vertical_padding":"","_kad_post_feature":"","_kad_post_feature_position":"","_kad_post_header":false,"_kad_post_footer":false,"_kad_post_classname":"","footnotes":""},"categories":[35,38],"tags":[202,203,91,81,73,227],"class_list":["post-3778","post","type-post","status-publish","format-standard","has-post-thumbnail","hentry","category-avis-recherches","category-photos-classes","tag-202","tag-203","tag-ce2","tag-classe","tag-enfants","tag-longpre-2"],"uagb_featured_image_src":{"full":["https:\/\/histoire-longpre-lcs.org\/blog-histoire\/wp-content\/uploads\/2023\/11\/photo-primaire-Longpre-1999-2000-CE2numerote-scaled.jpg",2560,1950,false],"thumbnail":["https:\/\/histoire-longpre-lcs.org\/blog-histoire\/wp-content\/uploads\/2023\/11\/photo-primaire-Longpre-1999-2000-CE2numerote-150x150.jpg",150,150,true],"medium":["https:\/\/histoire-longpre-lcs.org\/blog-histoire\/wp-content\/uploads\/2023\/11\/photo-primaire-Longpre-1999-2000-CE2numerote-300x228.jpg",300,228,true],"medium_large":["https:\/\/histoire-longpre-lcs.org\/blog-histoire\/wp-content\/uploads\/2023\/11\/photo-primaire-Longpre-1999-2000-CE2numerote-768x585.jpg",768,585,true],"large":["https:\/\/histoire-longpre-lcs.org\/blog-histoire\/wp-content\/uploads\/2023\/11\/photo-primaire-Longpre-1999-2000-CE2numerote-1024x780.jpg",1024,780,true],"1536x1536":["https:\/\/histoire-longpre-lcs.org\/blog-histoire\/wp-content\/uploads\/2023\/11\/photo-primaire-Longpre-1999-2000-CE2numerote-1536x1170.jpg",1536,1170,true],"2048x2048":["https:\/\/histoire-longpre-lcs.org\/blog-histoire\/wp-content\/uploads\/2023\/11\/photo-primaire-Longpre-1999-2000-CE2numerote-2048x1560.jpg",2048,1560,true]},"uagb_author_info":{"display_name":"Zembla-80","author_link":"https:\/\/histoire-longpre-lcs.org\/blog-histoire\/author\/zembla-80\/"},"uagb_comment_info":0,"uagb_excerpt":"Classe de CE2 \u00e0 Longpr\u00e9 les Corps Saints.","_links":{"self":[{"href":"https:\/\/histoire-longpre-lcs.org\/blog-histoire\/wp-json\/wp\/v2\/posts\/3778","targetHints":{"allow":["GET"]}}],"collection":[{"href":"https:\/\/histoire-longpre-lcs.org\/blog-histoire\/wp-json\/wp\/v2\/posts"}],"about":[{"href":"https:\/\/histoire-longpre-lcs.org\/blog-histoire\/wp-json\/wp\/v2\/types\/post"}],"author":[{"embeddable":true,"href":"https:\/\/histoire-longpre-lcs.org\/blog-histoire\/wp-json\/wp\/v2\/users\/1"}],"replies":[{"embeddable":true,"href":"https:\/\/histoire-longpre-lcs.org\/blog-histoire\/wp-json\/wp\/v2\/comments?post=3778"}],"version-history":[{"count":14,"href":"https:\/\/histoire-longpre-lcs.org\/blog-histoire\/wp-json\/wp\/v2\/posts\/3778\/revisions"}],"predecessor-version":[{"id":5025,"href":"https:\/\/histoire-longpre-lcs.org\/blog-histoire\/wp-json\/wp\/v2\/posts\/3778\/revisions\/5025"}],"wp:featuredmedia":[{"embeddable":true,"href":"https:\/\/histoire-longpre-lcs.org\/blog-histoire\/wp-json\/wp\/v2\/media\/3779"}],"wp:attachment":[{"href":"https:\/\/histoire-longpre-lcs.org\/blog-histoire\/wp-json\/wp\/v2\/media?parent=3778"}],"wp:term":[{"taxonomy":"category","embeddable":true,"href":"https:\/\/histoire-longpre-lcs.org\/blog-histoire\/wp-json\/wp\/v2\/categories?post=3778"},{"taxonomy":"post_tag","embeddable":true,"href":"https:\/\/histoire-longpre-lcs.org\/blog-histoire\/wp-json\/wp\/v2\/tags?post=3778"}],"curies":[{"name":"wp","href":"https:\/\/api.w.org\/{rel}","templated":true}]}}