{"id":3740,"date":"2023-10-28T06:02:25","date_gmt":"2023-10-28T06:02:25","guid":{"rendered":"https:\/\/histoiredelongprelcs.org\/blog-histoire\/?p=3740"},"modified":"2024-02-23T06:44:27","modified_gmt":"2024-02-23T06:44:27","slug":"une-fete-a-lacl","status":"publish","type":"post","link":"https:\/\/histoire-longpre-lcs.org\/blog-histoire\/une-fete-a-lacl\/","title":{"rendered":"Histoire de l&rsquo;ACL"},"content":{"rendered":"\t\t<div data-elementor-type=\"wp-post\" data-elementor-id=\"3740\" class=\"elementor elementor-3740\">\n\t\t\t\t\t\t<section class=\"elementor-section elementor-top-section elementor-element elementor-element-3d825590 elementor-section-boxed elementor-section-height-default elementor-section-height-default\" data-id=\"3d825590\" data-element_type=\"section\" data-e-type=\"section\">\n\t\t\t\t\t\t<div class=\"elementor-container elementor-column-gap-default\">\n\t\t\t\t\t<div class=\"elementor-column elementor-col-100 elementor-top-column elementor-element elementor-element-80eb94c\" data-id=\"80eb94c\" data-element_type=\"column\" data-e-type=\"column\">\n\t\t\t<div class=\"elementor-widget-wrap elementor-element-populated\">\n\t\t\t\t\t\t<div class=\"elementor-element elementor-element-46280d5c elementor-widget elementor-widget-heading\" data-id=\"46280d5c\" data-element_type=\"widget\" data-e-type=\"widget\" data-widget_type=\"heading.default\">\n\t\t\t\t<div class=\"elementor-widget-container\">\n\t\t\t\t\t<div id=\"ez-toc-container\" class=\"ez-toc-v2_0_87 counter-hierarchy ez-toc-counter ez-toc-light-blue ez-toc-container-direction\">\n<div class=\"ez-toc-title-container\">\n<p class=\"ez-toc-title\" style=\"cursor:inherit\">Table des mati\u00e9res<\/p>\n<span class=\"ez-toc-title-toggle\"><a href=\"#\" class=\"ez-toc-pull-right ez-toc-btn ez-toc-btn-xs ez-toc-btn-default ez-toc-toggle\" aria-label=\"Toggle Table of Content\"><span class=\"ez-toc-js-icon-con\"><span class=\"\"><span class=\"eztoc-hide\" style=\"display:none;\">Toggle<\/span><span class=\"ez-toc-icon-toggle-span\"><svg style=\"fill: #999;color:#999\" xmlns=\"http:\/\/www.w3.org\/2000\/svg\" class=\"list-377408\" width=\"20px\" height=\"20px\" viewBox=\"0 0 24 24\" fill=\"none\"><path d=\"M6 6H4v2h2V6zm14 0H8v2h12V6zM4 11h2v2H4v-2zm16 0H8v2h12v-2zM4 16h2v2H4v-2zm16 0H8v2h12v-2z\" fill=\"currentColor\"><\/path><\/svg><svg style=\"fill: #999;color:#999\" class=\"arrow-unsorted-368013\" xmlns=\"http:\/\/www.w3.org\/2000\/svg\" width=\"10px\" height=\"10px\" viewBox=\"0 0 24 24\" version=\"1.2\" baseProfile=\"tiny\"><path d=\"M18.2 9.3l-6.2-6.3-6.2 6.3c-.2.2-.3.4-.3.7s.1.5.3.7c.2.2.4.3.7.3h11c.3 0 .5-.1.7-.3.2-.2.3-.5.3-.7s-.1-.5-.3-.7zM5.8 14.7l6.2 6.3 6.2-6.3c.2-.2.3-.5.3-.7s-.1-.5-.3-.7c-.2-.2-.4-.3-.7-.3h-11c-.3 0-.5.1-.7.3-.2.2-.3.5-.3.7s.1.5.3.7z\"\/><\/svg><\/span><\/span><\/span><\/a><\/span><\/div>\n<nav><ul class='ez-toc-list ez-toc-list-level-1 eztoc-toggle-hide-by-default' ><li class='ez-toc-page-1 ez-toc-heading-level-2'><a class=\"ez-toc-link ez-toc-heading-1\" href=\"https:\/\/histoire-longpre-lcs.org\/blog-histoire\/une-fete-a-lacl\/#Histoire_de_lACL\" >Histoire de l'ACL<\/a><\/li><li class='ez-toc-page-1 ez-toc-heading-level-2'><a class=\"ez-toc-link ez-toc-heading-2\" href=\"https:\/\/histoire-longpre-lcs.org\/blog-histoire\/une-fete-a-lacl\/#Lathletic_Club_de_Longpre\" >L'athl\u00e9tic Club de Longpr\u00e9.<\/a><\/li><li class='ez-toc-page-1 ez-toc-heading-level-2'><a class=\"ez-toc-link ez-toc-heading-3\" href=\"https:\/\/histoire-longpre-lcs.org\/blog-histoire\/une-fete-a-lacl\/#Une_fete_a_lACL_dans_les_annees_1980\" >Une f\u00eate \u00e0 l'ACL dans les ann\u00e9es 1980<\/a><ul class='ez-toc-list-level-3' ><li class='ez-toc-heading-level-3'><a class=\"ez-toc-link ez-toc-heading-4\" href=\"https:\/\/histoire-longpre-lcs.org\/blog-histoire\/une-fete-a-lacl\/#Photo_archive_de_Eric-Adrien_Bailly_Les_noms_par_le_groupe_Facebook\" >Photo archive de : Eric-Adrien Bailly, Les noms par le groupe Facebook.<\/a><\/li><\/ul><\/li><\/ul><\/nav><\/div>\n<h2 class=\"elementor-heading-title elementor-size-default\"><span class=\"ez-toc-section\" id=\"Histoire_de_lACL\"><\/span>Histoire de l'ACL <span class=\"ez-toc-section-end\"><\/span><\/h2>\t\t\t\t<\/div>\n\t\t\t\t<\/div>\n\t\t\t\t<section class=\"elementor-section elementor-inner-section elementor-element elementor-element-5fc09188 elementor-section-boxed elementor-section-height-default elementor-section-height-default\" data-id=\"5fc09188\" data-element_type=\"section\" data-e-type=\"section\">\n\t\t\t\t\t\t<div class=\"elementor-container elementor-column-gap-default\">\n\t\t\t\t\t<div class=\"elementor-column elementor-col-50 elementor-inner-column elementor-element elementor-element-42c9c61a\" data-id=\"42c9c61a\" data-element_type=\"column\" data-e-type=\"column\">\n\t\t\t<div class=\"elementor-widget-wrap elementor-element-populated\">\n\t\t\t\t\t\t<div class=\"elementor-element elementor-element-5d34bbc4 elementor-widget elementor-widget-image\" data-id=\"5d34bbc4\" data-element_type=\"widget\" data-e-type=\"widget\" data-widget_type=\"image.default\">\n\t\t\t\t<div class=\"elementor-widget-container\">\n\t\t\t\t\t\t\t\t\t\t\t\t<figure class=\"wp-caption\">\n\t\t\t\t\t\t\t\t\t\t\t<a href=\"https:\/\/histoiredelongprelcs.org\/blog-histoire\/wp-content\/uploads\/2023\/05\/ACL-badge.png\" target=\"_blank\" rel=\"noopener\">\n\t\t\t\t\t\t\t<img fetchpriority=\"high\" decoding=\"async\" width=\"300\" height=\"296\" src=\"https:\/\/histoire-longpre-lcs.org\/blog-histoire\/wp-content\/uploads\/2023\/05\/ACL-badge-300x296.png\" class=\"attachment-medium size-medium wp-image-1423\" alt=\"Logo de l&apos;ACL, Athl\u00c3\u00a9tic Club de Longpr\u00c3\u00a9 les Corps Saints.\" srcset=\"https:\/\/histoire-longpre-lcs.org\/blog-histoire\/wp-content\/uploads\/2023\/05\/ACL-badge-300x296.png 300w, https:\/\/histoire-longpre-lcs.org\/blog-histoire\/wp-content\/uploads\/2023\/05\/ACL-badge-100x100.png 100w, https:\/\/histoire-longpre-lcs.org\/blog-histoire\/wp-content\/uploads\/2023\/05\/ACL-badge.png 444w\" sizes=\"(max-width: 300px) 100vw, 300px\" \/>\t\t\t\t\t\t\t\t<\/a>\n\t\t\t\t\t\t\t\t\t\t\t<figcaption class=\"widget-image-caption wp-caption-text\">Logo de l'ACL, Athl\u00e9tic Club de Longpr\u00e9 les Corps Saints.<\/figcaption>\n\t\t\t\t\t\t\t\t\t\t<\/figure>\n\t\t\t\t\t\t\t\t\t<\/div>\n\t\t\t\t<\/div>\n\t\t\t\t\t<\/div>\n\t\t<\/div>\n\t\t\t\t<div class=\"elementor-column elementor-col-50 elementor-inner-column elementor-element elementor-element-270c5ea3\" data-id=\"270c5ea3\" data-element_type=\"column\" data-e-type=\"column\">\n\t\t\t<div class=\"elementor-widget-wrap elementor-element-populated\">\n\t\t\t\t\t\t<div class=\"elementor-element elementor-element-73f58572 elementor-widget elementor-widget-heading\" data-id=\"73f58572\" data-element_type=\"widget\" data-e-type=\"widget\" data-widget_type=\"heading.default\">\n\t\t\t\t<div class=\"elementor-widget-container\">\n\t\t\t\t\t<h2 class=\"elementor-heading-title elementor-size-default\"><span class=\"ez-toc-section\" id=\"Lathletic_Club_de_Longpre\"><\/span>L'athl\u00e9tic Club de Longpr\u00e9.<span class=\"ez-toc-section-end\"><\/span><\/h2>\t\t\t\t<\/div>\n\t\t\t\t<\/div>\n\t\t\t\t<div class=\"elementor-element elementor-element-113ab23e elementor-widget elementor-widget-text-editor\" data-id=\"113ab23e\" data-element_type=\"widget\" data-e-type=\"widget\" data-widget_type=\"text-editor.default\">\n\t\t\t\t<div class=\"elementor-widget-container\">\n\t\t\t\t\t\t\t\t\t<p><strong>Club mythique de Longpr\u00e9, il a form\u00e9 des centaines de petits Longiprates, et a r\u00e9colt\u00e9 d&rsquo;excellents r\u00e9sultats en Championnat de Picardie mais aussi en Coupe de France.<\/strong><\/p><p><strong>Je recherche des documents sur l&rsquo;histoire du Club<\/strong>.<br \/><br \/><strong>Sur ces photos, les visages embl\u00e9matiques de Maria, qui avec sa fille Th\u00e9r\u00e9se a fait tourner pendant 70 ans le Bar des Sports, et M. Bernard Drouart, Pr\u00e9sident de L&rsquo;ACL \u00e0 l&rsquo;\u00e9poque.<\/strong><\/p>\t\t\t\t\t\t\t\t<\/div>\n\t\t\t\t<\/div>\n\t\t\t\t\t<\/div>\n\t\t<\/div>\n\t\t\t\t\t<\/div>\n\t\t<\/section>\n\t\t\t\t<div class=\"elementor-element elementor-element-457017a1 elementor-widget elementor-widget-spacer\" data-id=\"457017a1\" data-element_type=\"widget\" data-e-type=\"widget\" data-widget_type=\"spacer.default\">\n\t\t\t\t<div class=\"elementor-widget-container\">\n\t\t\t\t\t\t\t<div class=\"elementor-spacer\">\n\t\t\t<div class=\"elementor-spacer-inner\"><\/div>\n\t\t<\/div>\n\t\t\t\t\t\t<\/div>\n\t\t\t\t<\/div>\n\t\t\t\t<div class=\"elementor-element elementor-element-73fb7eaa elementor-widget elementor-widget-heading\" data-id=\"73fb7eaa\" data-element_type=\"widget\" data-e-type=\"widget\" data-widget_type=\"heading.default\">\n\t\t\t\t<div class=\"elementor-widget-container\">\n\t\t\t\t\t<h2 class=\"elementor-heading-title elementor-size-default\"><span class=\"ez-toc-section\" id=\"Une_fete_a_lACL_dans_les_annees_1980\"><\/span>Une f\u00eate \u00e0 l'ACL dans les ann\u00e9es 1980<span class=\"ez-toc-section-end\"><\/span><\/h2>\t\t\t\t<\/div>\n\t\t\t\t<\/div>\n\t\t\t\t<div class=\"elementor-element elementor-element-00c1d6b elementor-widget elementor-widget-text-editor\" data-id=\"00c1d6b\" data-element_type=\"widget\" data-e-type=\"widget\" data-widget_type=\"text-editor.default\">\n\t\t\t\t<div class=\"elementor-widget-container\">\n\t\t\t\t\t\t\t\t\t<p><strong>Photos prisent \u00e0 l&rsquo;ancienne \u00e9cole des filles au d\u00e9but des ann\u00e9es 1980.<\/strong><br \/><strong>\u00c0 l\u2019\u00e9poque ce b\u00e2timent servait de salle des f\u00eates, des banquets y \u00e9taient organis\u00e9s.<\/strong><\/p><p><strong>Maria Ternisien qui tenait le \u00ab\u00a0BAR DES SPORTS\u00a0\u00bb avec devant elle la coupe du Challenge Pluquet qui se tenait \u00e0 L&rsquo;Etoile, gagn\u00e9 cons\u00e9cutivement 3 fois.<\/strong><br \/><strong>Nous avions droit \u00e0 notre petit chocolat chaud le dimanche matin avant de partir jouer notre match, et si la victoire \u00e9tait acquise, nous avions droit aussi \u00e0 notre petit cassis. <\/strong><br \/><strong>Une tr\u00e8s gentille personne qui adorait toute la famille de l&rsquo;ACL<\/strong><\/p>\t\t\t\t\t\t\t\t<\/div>\n\t\t\t\t<\/div>\n\t\t\t\t<div class=\"elementor-element elementor-element-51a5f4cc elementor-widget elementor-widget-image\" data-id=\"51a5f4cc\" data-element_type=\"widget\" data-e-type=\"widget\" data-widget_type=\"image.default\">\n\t\t\t\t<div class=\"elementor-widget-container\">\n\t\t\t\t\t\t\t\t\t\t\t\t<figure class=\"wp-caption\">\n\t\t\t\t\t\t\t\t\t\t\t<a href=\"https:\/\/histoiredelongprelcs.org\/blog-histoire\/wp-content\/uploads\/2023\/10\/portfolio-ACL-scaled.jpg\" data-elementor-open-lightbox=\"yes\" data-elementor-lightbox-title=\"portfolio ACL\" data-elementor-lightbox-description=\"Une f\u00eate \u00e0 l&#039;ACL vers 1980.\" data-e-action-hash=\"#elementor-action%3Aaction%3Dlightbox%26settings%3DeyJpZCI6Mzc0MiwidXJsIjoiaHR0cHM6XC9cL2hpc3RvaXJlLWxvbmdwcmUtbGNzLm9yZ1wvYmxvZy1oaXN0b2lyZVwvd3AtY29udGVudFwvdXBsb2Fkc1wvMjAyM1wvMTBcL3BvcnRmb2xpby1BQ0wtc2NhbGVkLmpwZyJ9\" target=\"_blank\" rel=\"noopener\">\n\t\t\t\t\t\t\t<img decoding=\"async\" width=\"1024\" height=\"968\" src=\"https:\/\/histoire-longpre-lcs.org\/blog-histoire\/wp-content\/uploads\/2023\/10\/portfolio-ACL-1024x968.jpg\" class=\"attachment-large size-large wp-image-3742\" alt=\"Une f\u00eate \u00e0 l&apos;ACL vers 1980.\" srcset=\"https:\/\/histoire-longpre-lcs.org\/blog-histoire\/wp-content\/uploads\/2023\/10\/portfolio-ACL-1024x968.jpg 1024w, https:\/\/histoire-longpre-lcs.org\/blog-histoire\/wp-content\/uploads\/2023\/10\/portfolio-ACL-300x284.jpg 300w, https:\/\/histoire-longpre-lcs.org\/blog-histoire\/wp-content\/uploads\/2023\/10\/portfolio-ACL-768x726.jpg 768w, https:\/\/histoire-longpre-lcs.org\/blog-histoire\/wp-content\/uploads\/2023\/10\/portfolio-ACL-1536x1452.jpg 1536w, https:\/\/histoire-longpre-lcs.org\/blog-histoire\/wp-content\/uploads\/2023\/10\/portfolio-ACL-2048x1936.jpg 2048w, https:\/\/histoire-longpre-lcs.org\/blog-histoire\/wp-content\/uploads\/2023\/10\/portfolio-ACL-750x709.jpg 750w, https:\/\/histoire-longpre-lcs.org\/blog-histoire\/wp-content\/uploads\/2023\/10\/portfolio-ACL-600x567.jpg 600w\" sizes=\"(max-width: 1024px) 100vw, 1024px\" \/>\t\t\t\t\t\t\t\t<\/a>\n\t\t\t\t\t\t\t\t\t\t\t<figcaption class=\"widget-image-caption wp-caption-text\">Une f\u00eate \u00e0 l'ACL vers 1980.<\/figcaption>\n\t\t\t\t\t\t\t\t\t\t<\/figure>\n\t\t\t\t\t\t\t\t\t<\/div>\n\t\t\t\t<\/div>\n\t\t\t\t<div class=\"elementor-element elementor-element-1ca8fb5f elementor-widget elementor-widget-image\" data-id=\"1ca8fb5f\" data-element_type=\"widget\" data-e-type=\"widget\" data-widget_type=\"image.default\">\n\t\t\t\t<div class=\"elementor-widget-container\">\n\t\t\t\t\t\t\t\t\t\t\t\t\t\t\t\t<a href=\"https:\/\/histoiredelongprelcs.org\/blog-histoire\/wp-content\/uploads\/2023\/10\/portfolio-ACL-numerote-scaled.jpg\" data-elementor-open-lightbox=\"yes\" data-elementor-lightbox-title=\"portfolio ACL-num\u00c3\u00a9rot\u00c3\u00a9\" data-elementor-lightbox-description=\"Une f\u00c3\u00aate \u00c3\u00a0 l&#039;ACL vers 1980.\" data-e-action-hash=\"#elementor-action%3Aaction%3Dlightbox%26settings%3DeyJpZCI6Mzc0MSwidXJsIjoiaHR0cHM6XC9cL2hpc3RvaXJlLWxvbmdwcmUtbGNzLm9yZ1wvYmxvZy1oaXN0b2lyZVwvd3AtY29udGVudFwvdXBsb2Fkc1wvMjAyM1wvMTBcL3BvcnRmb2xpby1BQ0wtbnVtZXJvdGUtc2NhbGVkLmpwZyJ9\" target=\"_blank\" rel=\"noopener\">\n\t\t\t\t\t\t\t<img decoding=\"async\" width=\"1024\" height=\"968\" src=\"https:\/\/histoire-longpre-lcs.org\/blog-histoire\/wp-content\/uploads\/2023\/10\/portfolio-ACL-numerote-1024x968.jpg\" class=\"attachment-large size-large wp-image-3741\" alt=\"Une f\u00c3\u00aate \u00c3\u00a0 l&apos;ACL vers 1980.\" srcset=\"https:\/\/histoire-longpre-lcs.org\/blog-histoire\/wp-content\/uploads\/2023\/10\/portfolio-ACL-numerote-1024x968.jpg 1024w, https:\/\/histoire-longpre-lcs.org\/blog-histoire\/wp-content\/uploads\/2023\/10\/portfolio-ACL-numerote-300x284.jpg 300w, https:\/\/histoire-longpre-lcs.org\/blog-histoire\/wp-content\/uploads\/2023\/10\/portfolio-ACL-numerote-768x726.jpg 768w, https:\/\/histoire-longpre-lcs.org\/blog-histoire\/wp-content\/uploads\/2023\/10\/portfolio-ACL-numerote-1536x1452.jpg 1536w, https:\/\/histoire-longpre-lcs.org\/blog-histoire\/wp-content\/uploads\/2023\/10\/portfolio-ACL-numerote-2048x1936.jpg 2048w, https:\/\/histoire-longpre-lcs.org\/blog-histoire\/wp-content\/uploads\/2023\/10\/portfolio-ACL-numerote-750x709.jpg 750w, https:\/\/histoire-longpre-lcs.org\/blog-histoire\/wp-content\/uploads\/2023\/10\/portfolio-ACL-numerote-600x567.jpg 600w\" sizes=\"(max-width: 1024px) 100vw, 1024px\" \/>\t\t\t\t\t\t\t\t<\/a>\n\t\t\t\t\t\t\t\t\t\t\t\t\t\t\t<\/div>\n\t\t\t\t<\/div>\n\t\t\t\t<div class=\"elementor-element elementor-element-3bb2228 elementor-widget elementor-widget-heading\" data-id=\"3bb2228\" data-element_type=\"widget\" data-e-type=\"widget\" data-widget_type=\"heading.default\">\n\t\t\t\t<div class=\"elementor-widget-container\">\n\t\t\t\t\t<h3 class=\"elementor-heading-title elementor-size-default\"><span class=\"ez-toc-section\" id=\"Photo_archive_de_Eric-Adrien_Bailly_Les_noms_par_le_groupe_Facebook\"><\/span>Photo archive de : Eric-Adrien Bailly, Les noms par le groupe Facebook. <span class=\"ez-toc-section-end\"><\/span><\/h3>\t\t\t\t<\/div>\n\t\t\t\t<\/div>\n\t\t\t\t<div class=\"elementor-element elementor-element-33b27c66 elementor-widget elementor-widget-text-editor\" data-id=\"33b27c66\" data-element_type=\"widget\" data-e-type=\"widget\" data-widget_type=\"text-editor.default\">\n\t\t\t\t<div class=\"elementor-widget-container\">\n\t\t\t\t\t\t\t\t\t<h5><span style=\"text-decoration: underline;\"><strong>Pour mieux voir les visages, agrandissez la photo !<\/strong><\/span><\/h5>\t\t\t\t\t\t\t\t<\/div>\n\t\t\t\t<\/div>\n\t\t\t\t<div class=\"elementor-element elementor-element-2557de63 elementor-widget elementor-widget-text-editor\" data-id=\"2557de63\" data-element_type=\"widget\" data-e-type=\"widget\" data-widget_type=\"text-editor.default\">\n\t\t\t\t<div class=\"elementor-widget-container\">\n\t\t\t\t\t\t\t\t\t<p><span style=\"text-decoration: underline;\"><strong>Les num\u00e9ros correspondent \u00e0 plusieurs photos.<\/strong><\/span><\/p>\t\t\t\t\t\t\t\t<\/div>\n\t\t\t\t<\/div>\n\t\t\t\t<div class=\"elementor-element elementor-element-8f09dd8 elementor-widget elementor-widget-text-editor\" data-id=\"8f09dd8\" data-element_type=\"widget\" data-e-type=\"widget\" data-widget_type=\"text-editor.default\">\n\t\t\t\t<div class=\"elementor-widget-container\">\n\t\t\t\t\t\t\t\t\t<ul><li><strong>1\/\u00a0 \u00a0 M. Bertoux<\/strong><\/li><li><strong>2\/\u00a0 \u00a0 Bernard Drouart<\/strong><\/li><li><strong>3\/\u00a0 \u00a0 Georges Bailly<\/strong><\/li><li><strong>4\/\u00a0 \u00a0 Maria Ternisien<\/strong><\/li><li><strong>5\/\u00a0 \u00a0\u00a0<\/strong><\/li><li><strong>6\/\u00a0 \u00a0 Max Olen<\/strong><\/li><li><strong>7\/\u00a0 \u00a0 Clothaire Drouart<\/strong><\/li><li><strong>8\/<\/strong><\/li><li><strong>9\/\u00a0 \u00a0 Bernard Drouart<\/strong><\/li><li><strong>10\/\u00a0 Estelle Godet<\/strong><\/li><li><strong>11\/\u00a0 Nathalie Becheran<\/strong><\/li><li><strong>12\/<\/strong><\/li><li><strong>13\/\u00a0 Anna Dim\u00e9glio<\/strong><\/li><li><strong>14\/<\/strong><\/li><li><strong>15\/\u00a0 Bruno Bailly<\/strong><\/li><li><strong>16\/\u00a0 Ren\u00e9 Bloquet<\/strong><\/li><li><strong>17\/<\/strong><\/li><li><strong>18\/<\/strong><\/li><li><strong>19\/\u00a0 Vincent Dim\u00e9glio<\/strong><\/li><\/ul>\t\t\t\t\t\t\t\t<\/div>\n\t\t\t\t<\/div>\n\t\t\t\t<div class=\"elementor-element elementor-element-527350fe elementor-widget elementor-widget-text-editor\" data-id=\"527350fe\" data-element_type=\"widget\" data-e-type=\"widget\" data-widget_type=\"text-editor.default\">\n\t\t\t\t<div class=\"elementor-widget-container\">\n\t\t\t\t\t\t\t\t\t<p><strong>Si vous avez en votre possession des photos anciennes d&rsquo;\u00e9quipes de sports, de r\u00e9unions officielles, de photos de classes, de f\u00eates collectives de Longpr\u00e9 les Corps Saint ou concernant notre ville.<\/strong><br \/><strong>Contactez-moi \u00e0 cette adresse : <a href=\"mailto:asp.longiprate@gmail.com\">asp.longiprate@gmail.com<\/a><\/strong><br \/><strong>Nous vous en remercierons par avance et permettons \u00e0 tous d&rsquo;y retrouver un proche ou ami (e).<\/strong><\/p>\t\t\t\t\t\t\t\t<\/div>\n\t\t\t\t<\/div>\n\t\t\t\t\t<\/div>\n\t\t<\/div>\n\t\t\t\t\t<\/div>\n\t\t<\/section>\n\t\t\t\t<\/div>\n\t\t","protected":false},"excerpt":{"rendered":"<p>Photos prisent \u00e0 l\u2019ancienne \u00e9cole des filles au d\u00e9but des ann\u00e9es 1980.<br \/>\n\u00c0 l\u2019\u00e9poque ce b\u00e2timent servait de salle des f\u00eates, des banquets y \u00e9taient organis\u00e9s.<\/p>\n<p>Maria Ternisien qui tenait le \u201cBAR DES SPORTS\u201d avec devant elle la coupe du Challenge Pluquet qui se tenait \u00e0 L\u2019Etoile, gagn\u00e9 cons\u00e9cutivement 3 fois.<\/p>\n","protected":false},"author":1,"featured_media":3741,"comment_status":"open","ping_status":"open","sticky":false,"template":"","format":"standard","meta":{"_uag_custom_page_level_css":"","_EventAllDay":false,"_EventTimezone":"","_EventStartDate":"","_EventEndDate":"","_EventStartDateUTC":"","_EventEndDateUTC":"","_EventShowMap":false,"_EventShowMapLink":false,"_EventURL":"","_EventCost":"","_EventCostDescription":"","_EventCurrencySymbol":"","_EventCurrencyCode":"","_EventCurrencyPosition":"","_EventDateTimeSeparator":"","_EventTimeRangeSeparator":"","_EventOrganizerID":[],"_EventVenueID":[],"_OrganizerEmail":"","_OrganizerPhone":"","_OrganizerWebsite":"","_VenueAddress":"","_VenueCity":"","_VenueCountry":"","_VenueProvince":"","_VenueState":"","_VenueZip":"","_VenuePhone":"","_VenueURL":"","_VenueStateProvince":"","_VenueLat":"","_VenueLng":"","_VenueShowMap":false,"_VenueShowMapLink":false,"_kadence_starter_templates_imported_post":false,"_kad_post_transparent":"","_kad_post_title":"","_kad_post_layout":"right","_kad_post_sidebar_id":"","_kad_post_content_style":"","_kad_post_vertical_padding":"","_kad_post_feature":"","_kad_post_feature_position":"","_kad_post_header":false,"_kad_post_footer":false,"_kad_post_classname":"","footnotes":""},"categories":[35,37,36],"tags":[92,65,66,70],"class_list":["post-3740","post","type-post","status-publish","format-standard","has-post-thumbnail","hentry","category-avis-recherches","category-non-classe","category-sports","tag-92","tag-acl","tag-football","tag-longpre"],"uagb_featured_image_src":{"full":["https:\/\/histoire-longpre-lcs.org\/blog-histoire\/wp-content\/uploads\/2023\/10\/portfolio-ACL-numerote-scaled.jpg",2560,2420,false],"thumbnail":["https:\/\/histoire-longpre-lcs.org\/blog-histoire\/wp-content\/uploads\/2023\/10\/portfolio-ACL-numerote-150x150.jpg",150,150,true],"medium":["https:\/\/histoire-longpre-lcs.org\/blog-histoire\/wp-content\/uploads\/2023\/10\/portfolio-ACL-numerote-300x284.jpg",300,284,true],"medium_large":["https:\/\/histoire-longpre-lcs.org\/blog-histoire\/wp-content\/uploads\/2023\/10\/portfolio-ACL-numerote-768x726.jpg",768,726,true],"large":["https:\/\/histoire-longpre-lcs.org\/blog-histoire\/wp-content\/uploads\/2023\/10\/portfolio-ACL-numerote-1024x968.jpg",1024,968,true],"1536x1536":["https:\/\/histoire-longpre-lcs.org\/blog-histoire\/wp-content\/uploads\/2023\/10\/portfolio-ACL-numerote-1536x1452.jpg",1536,1452,true],"2048x2048":["https:\/\/histoire-longpre-lcs.org\/blog-histoire\/wp-content\/uploads\/2023\/10\/portfolio-ACL-numerote-2048x1936.jpg",2048,1936,true]},"uagb_author_info":{"display_name":"Zembla-80","author_link":"https:\/\/histoire-longpre-lcs.org\/blog-histoire\/author\/zembla-80\/"},"uagb_comment_info":0,"uagb_excerpt":"Photos prisent \u00e0 l\u2019ancienne \u00e9cole des filles au d\u00e9but des ann\u00e9es 1980. \u00c0 l\u2019\u00e9poque ce b\u00e2timent servait de salle des f\u00eates, des banquets y \u00e9taient organis\u00e9s. Maria Ternisien qui tenait le \u201cBAR DES SPORTS\u201d avec devant elle la coupe du Challenge Pluquet qui se tenait \u00e0 L\u2019Etoile, gagn\u00e9 cons\u00e9cutivement 3 fois.","_links":{"self":[{"href":"https:\/\/histoire-longpre-lcs.org\/blog-histoire\/wp-json\/wp\/v2\/posts\/3740","targetHints":{"allow":["GET"]}}],"collection":[{"href":"https:\/\/histoire-longpre-lcs.org\/blog-histoire\/wp-json\/wp\/v2\/posts"}],"about":[{"href":"https:\/\/histoire-longpre-lcs.org\/blog-histoire\/wp-json\/wp\/v2\/types\/post"}],"author":[{"embeddable":true,"href":"https:\/\/histoire-longpre-lcs.org\/blog-histoire\/wp-json\/wp\/v2\/users\/1"}],"replies":[{"embeddable":true,"href":"https:\/\/histoire-longpre-lcs.org\/blog-histoire\/wp-json\/wp\/v2\/comments?post=3740"}],"version-history":[{"count":40,"href":"https:\/\/histoire-longpre-lcs.org\/blog-histoire\/wp-json\/wp\/v2\/posts\/3740\/revisions"}],"predecessor-version":[{"id":5236,"href":"https:\/\/histoire-longpre-lcs.org\/blog-histoire\/wp-json\/wp\/v2\/posts\/3740\/revisions\/5236"}],"wp:featuredmedia":[{"embeddable":true,"href":"https:\/\/histoire-longpre-lcs.org\/blog-histoire\/wp-json\/wp\/v2\/media\/3741"}],"wp:attachment":[{"href":"https:\/\/histoire-longpre-lcs.org\/blog-histoire\/wp-json\/wp\/v2\/media?parent=3740"}],"wp:term":[{"taxonomy":"category","embeddable":true,"href":"https:\/\/histoire-longpre-lcs.org\/blog-histoire\/wp-json\/wp\/v2\/categories?post=3740"},{"taxonomy":"post_tag","embeddable":true,"href":"https:\/\/histoire-longpre-lcs.org\/blog-histoire\/wp-json\/wp\/v2\/tags?post=3740"}],"curies":[{"name":"wp","href":"https:\/\/api.w.org\/{rel}","templated":true}]}}