{"id":3715,"date":"2023-10-20T15:48:34","date_gmt":"2023-10-20T15:48:34","guid":{"rendered":"https:\/\/histoiredelongprelcs.org\/blog-histoire\/?p=3715"},"modified":"2024-02-29T05:00:47","modified_gmt":"2024-02-29T05:00:47","slug":"kit-par-defaut-5","status":"publish","type":"post","link":"https:\/\/histoire-longpre-lcs.org\/blog-histoire\/kit-par-defaut-5\/","title":{"rendered":"Classe maternelle 1962-1963"},"content":{"rendered":"\t\t<div data-elementor-type=\"wp-post\" data-elementor-id=\"3715\" class=\"elementor elementor-3715\">\n\t\t\t\t\t\t<section class=\"elementor-section elementor-top-section elementor-element elementor-element-b7848f3 elementor-section-boxed elementor-section-height-default elementor-section-height-default\" data-id=\"b7848f3\" data-element_type=\"section\" data-e-type=\"section\">\n\t\t\t\t\t\t<div class=\"elementor-container elementor-column-gap-default\">\n\t\t\t\t\t<div class=\"elementor-column elementor-col-100 elementor-top-column elementor-element elementor-element-10d3f36e\" data-id=\"10d3f36e\" data-element_type=\"column\" data-e-type=\"column\">\n\t\t\t<div class=\"elementor-widget-wrap elementor-element-populated\">\n\t\t\t\t\t\t<div class=\"elementor-element elementor-element-40a017ea elementor-widget elementor-widget-heading\" data-id=\"40a017ea\" data-element_type=\"widget\" data-e-type=\"widget\" data-widget_type=\"heading.default\">\n\t\t\t\t<div class=\"elementor-widget-container\">\n\t\t\t\t\t<div id=\"ez-toc-container\" class=\"ez-toc-v2_0_87 counter-hierarchy ez-toc-counter ez-toc-light-blue ez-toc-container-direction\">\n<div class=\"ez-toc-title-container\">\n<p class=\"ez-toc-title\" style=\"cursor:inherit\">Table des mati\u00e9res<\/p>\n<span class=\"ez-toc-title-toggle\"><a href=\"#\" class=\"ez-toc-pull-right ez-toc-btn ez-toc-btn-xs ez-toc-btn-default ez-toc-toggle\" aria-label=\"Toggle Table of Content\"><span class=\"ez-toc-js-icon-con\"><span class=\"\"><span class=\"eztoc-hide\" style=\"display:none;\">Toggle<\/span><span class=\"ez-toc-icon-toggle-span\"><svg style=\"fill: #999;color:#999\" xmlns=\"http:\/\/www.w3.org\/2000\/svg\" class=\"list-377408\" width=\"20px\" height=\"20px\" viewBox=\"0 0 24 24\" fill=\"none\"><path d=\"M6 6H4v2h2V6zm14 0H8v2h12V6zM4 11h2v2H4v-2zm16 0H8v2h12v-2zM4 16h2v2H4v-2zm16 0H8v2h12v-2z\" fill=\"currentColor\"><\/path><\/svg><svg style=\"fill: #999;color:#999\" class=\"arrow-unsorted-368013\" xmlns=\"http:\/\/www.w3.org\/2000\/svg\" width=\"10px\" height=\"10px\" viewBox=\"0 0 24 24\" version=\"1.2\" baseProfile=\"tiny\"><path d=\"M18.2 9.3l-6.2-6.3-6.2 6.3c-.2.2-.3.4-.3.7s.1.5.3.7c.2.2.4.3.7.3h11c.3 0 .5-.1.7-.3.2-.2.3-.5.3-.7s-.1-.5-.3-.7zM5.8 14.7l6.2 6.3 6.2-6.3c.2-.2.3-.5.3-.7s-.1-.5-.3-.7c-.2-.2-.4-.3-.7-.3h-11c-.3 0-.5.1-.7.3-.2.2-.3.5-.3.7s.1.5.3.7z\"\/><\/svg><\/span><\/span><\/span><\/a><\/span><\/div>\n<nav><ul class='ez-toc-list ez-toc-list-level-1 eztoc-toggle-hide-by-default' ><li class='ez-toc-page-1 ez-toc-heading-level-2'><a class=\"ez-toc-link ez-toc-heading-1\" href=\"https:\/\/histoire-longpre-lcs.org\/blog-histoire\/kit-par-defaut-5\/#Histoire_des_ecoles_a_Longpre\" >Histoire des \u00e9coles \u00e0 Longpr\u00e9.<\/a><\/li><li class='ez-toc-page-1 ez-toc-heading-level-2'><a class=\"ez-toc-link ez-toc-heading-2\" href=\"https:\/\/histoire-longpre-lcs.org\/blog-histoire\/kit-par-defaut-5\/#Classe_maternelle_1962-1963\" >Classe maternelle 1962-1963.<\/a><\/li><li class='ez-toc-page-1 ez-toc-heading-level-2'><a class=\"ez-toc-link ez-toc-heading-3\" href=\"https:\/\/histoire-longpre-lcs.org\/blog-histoire\/kit-par-defaut-5\/#Qui_sont_ces_jeunes_peut_etre_nees_en_1956\" >Qui sont ces jeunes ? peut \u00eatre n\u00e9(e)s en 1956.<\/a><\/li><\/ul><\/nav><\/div>\n<h2 class=\"elementor-heading-title elementor-size-default\"><span class=\"ez-toc-section\" id=\"Histoire_des_ecoles_a_Longpre\"><\/span>Histoire des \u00e9coles \u00e0 Longpr\u00e9.<span class=\"ez-toc-section-end\"><\/span><\/h2>\t\t\t\t<\/div>\n\t\t\t\t<\/div>\n\t\t\t\t<div class=\"elementor-element elementor-element-7ecf9cdb elementor-widget elementor-widget-text-editor\" data-id=\"7ecf9cdb\" data-element_type=\"widget\" data-e-type=\"widget\" data-widget_type=\"text-editor.default\">\n\t\t\t\t<div class=\"elementor-widget-container\">\n\t\t\t\t\t\t\t\t\t<p><strong>Si vous avez des renseignements sur les \u00e9coles de Longpr\u00e9, date de cr\u00e9ation, des photos, les personnes qui y ont travaill\u00e9, etc&#8230;<\/strong><br \/><strong>Utilisez la boite commentaire pour nous les faire parvenir.<\/strong><br \/><strong>Merci par avance.<\/strong><\/p>\t\t\t\t\t\t\t\t<\/div>\n\t\t\t\t<\/div>\n\t\t\t\t<div class=\"elementor-element elementor-element-5370f2ed elementor-widget elementor-widget-heading\" data-id=\"5370f2ed\" data-element_type=\"widget\" data-e-type=\"widget\" data-widget_type=\"heading.default\">\n\t\t\t\t<div class=\"elementor-widget-container\">\n\t\t\t\t\t<h2 class=\"elementor-heading-title elementor-size-default\"><span class=\"ez-toc-section\" id=\"Classe_maternelle_1962-1963\"><\/span>Classe maternelle 1962-1963.<span class=\"ez-toc-section-end\"><\/span><\/h2>\t\t\t\t<\/div>\n\t\t\t\t<\/div>\n\t\t\t\t<div class=\"elementor-element elementor-element-7749550f elementor-widget elementor-widget-image\" data-id=\"7749550f\" data-element_type=\"widget\" data-e-type=\"widget\" data-widget_type=\"image.default\">\n\t\t\t\t<div class=\"elementor-widget-container\">\n\t\t\t\t\t\t\t\t\t\t\t\t<figure class=\"wp-caption\">\n\t\t\t\t\t\t\t\t\t\t\t<a href=\"https:\/\/histoiredelongprelcs.org\/blog-histoire\/wp-content\/uploads\/2023\/10\/Classe-maternelle-1962-1963-Maryline-Villeret-scaled.jpg\" data-elementor-open-lightbox=\"no\" target=\"_blank\" rel=\"noopener\">\n\t\t\t\t\t\t\t<img fetchpriority=\"high\" decoding=\"async\" width=\"1024\" height=\"728\" src=\"https:\/\/histoire-longpre-lcs.org\/blog-histoire\/wp-content\/uploads\/2023\/10\/Classe-maternelle-1962-1963-Maryline-Villeret-1024x728.jpg\" class=\"attachment-large size-large wp-image-3716\" alt=\"Classe maternelle 1962-1963\" srcset=\"https:\/\/histoire-longpre-lcs.org\/blog-histoire\/wp-content\/uploads\/2023\/10\/Classe-maternelle-1962-1963-Maryline-Villeret-1024x728.jpg 1024w, https:\/\/histoire-longpre-lcs.org\/blog-histoire\/wp-content\/uploads\/2023\/10\/Classe-maternelle-1962-1963-Maryline-Villeret-300x213.jpg 300w, https:\/\/histoire-longpre-lcs.org\/blog-histoire\/wp-content\/uploads\/2023\/10\/Classe-maternelle-1962-1963-Maryline-Villeret-768x546.jpg 768w, https:\/\/histoire-longpre-lcs.org\/blog-histoire\/wp-content\/uploads\/2023\/10\/Classe-maternelle-1962-1963-Maryline-Villeret-1536x1093.jpg 1536w, https:\/\/histoire-longpre-lcs.org\/blog-histoire\/wp-content\/uploads\/2023\/10\/Classe-maternelle-1962-1963-Maryline-Villeret-2048x1457.jpg 2048w, https:\/\/histoire-longpre-lcs.org\/blog-histoire\/wp-content\/uploads\/2023\/10\/Classe-maternelle-1962-1963-Maryline-Villeret-750x533.jpg 750w, https:\/\/histoire-longpre-lcs.org\/blog-histoire\/wp-content\/uploads\/2023\/10\/Classe-maternelle-1962-1963-Maryline-Villeret-600x427.jpg 600w\" sizes=\"(max-width: 1024px) 100vw, 1024px\" \/>\t\t\t\t\t\t\t\t<\/a>\n\t\t\t\t\t\t\t\t\t\t\t<figcaption class=\"widget-image-caption wp-caption-text\">Classe maternelle 1962-1963<\/figcaption>\n\t\t\t\t\t\t\t\t\t\t<\/figure>\n\t\t\t\t\t\t\t\t\t<\/div>\n\t\t\t\t<\/div>\n\t\t\t\t<div class=\"elementor-element elementor-element-38db1719 elementor-widget elementor-widget-image\" data-id=\"38db1719\" data-element_type=\"widget\" data-e-type=\"widget\" data-widget_type=\"image.default\">\n\t\t\t\t<div class=\"elementor-widget-container\">\n\t\t\t\t\t\t\t\t\t\t\t\t\t\t\t\t<a href=\"https:\/\/histoiredelongprelcs.org\/blog-histoire\/wp-content\/uploads\/2023\/10\/Classe-maternelle-1962-1963-Maryline-Villeret-numerote-scaled.jpg\" data-elementor-open-lightbox=\"yes\" data-elementor-lightbox-title=\"Classe maternelle 1962-1963-Maryline Villeret-num\u00c3\u00a9rot\u00c3\u00a9\" data-e-action-hash=\"#elementor-action%3Aaction%3Dlightbox%26settings%3DeyJpZCI6MzcxNywidXJsIjoiaHR0cHM6XC9cL2hpc3RvaXJlLWxvbmdwcmUtbGNzLm9yZ1wvYmxvZy1oaXN0b2lyZVwvd3AtY29udGVudFwvdXBsb2Fkc1wvMjAyM1wvMTBcL0NsYXNzZS1tYXRlcm5lbGxlLTE5NjItMTk2My1NYXJ5bGluZS1WaWxsZXJldC1udW1lcm90ZS1zY2FsZWQuanBnIn0%3D\" target=\"_blank\" rel=\"noopener\">\n\t\t\t\t\t\t\t<img decoding=\"async\" width=\"1024\" height=\"728\" src=\"https:\/\/histoire-longpre-lcs.org\/blog-histoire\/wp-content\/uploads\/2023\/10\/Classe-maternelle-1962-1963-Maryline-Villeret-numerote-1024x728.jpg\" class=\"attachment-large size-large wp-image-3717\" alt=\"Classe maternelle 1962-1963.-num\u00c3\u00a9rot\u00c3\u00a9\" srcset=\"https:\/\/histoire-longpre-lcs.org\/blog-histoire\/wp-content\/uploads\/2023\/10\/Classe-maternelle-1962-1963-Maryline-Villeret-numerote-1024x728.jpg 1024w, https:\/\/histoire-longpre-lcs.org\/blog-histoire\/wp-content\/uploads\/2023\/10\/Classe-maternelle-1962-1963-Maryline-Villeret-numerote-300x213.jpg 300w, https:\/\/histoire-longpre-lcs.org\/blog-histoire\/wp-content\/uploads\/2023\/10\/Classe-maternelle-1962-1963-Maryline-Villeret-numerote-768x546.jpg 768w, https:\/\/histoire-longpre-lcs.org\/blog-histoire\/wp-content\/uploads\/2023\/10\/Classe-maternelle-1962-1963-Maryline-Villeret-numerote-1536x1093.jpg 1536w, https:\/\/histoire-longpre-lcs.org\/blog-histoire\/wp-content\/uploads\/2023\/10\/Classe-maternelle-1962-1963-Maryline-Villeret-numerote-2048x1457.jpg 2048w, https:\/\/histoire-longpre-lcs.org\/blog-histoire\/wp-content\/uploads\/2023\/10\/Classe-maternelle-1962-1963-Maryline-Villeret-numerote-750x533.jpg 750w, https:\/\/histoire-longpre-lcs.org\/blog-histoire\/wp-content\/uploads\/2023\/10\/Classe-maternelle-1962-1963-Maryline-Villeret-numerote-600x427.jpg 600w\" sizes=\"(max-width: 1024px) 100vw, 1024px\" \/>\t\t\t\t\t\t\t\t<\/a>\n\t\t\t\t\t\t\t\t\t\t\t\t\t\t\t<\/div>\n\t\t\t\t<\/div>\n\t\t\t\t<div class=\"elementor-element elementor-element-74050b1d elementor-widget elementor-widget-heading\" data-id=\"74050b1d\" data-element_type=\"widget\" data-e-type=\"widget\" data-widget_type=\"heading.default\">\n\t\t\t\t<div class=\"elementor-widget-container\">\n\t\t\t\t\t<h4 class=\"elementor-heading-title elementor-size-default\">Photo archive de : Maryline Willeretz. Les noms par le groupe Facebook.<\/h4>\t\t\t\t<\/div>\n\t\t\t\t<\/div>\n\t\t\t\t<div class=\"elementor-element elementor-element-5cc1e15 elementor-widget elementor-widget-heading\" data-id=\"5cc1e15\" data-element_type=\"widget\" data-e-type=\"widget\" data-widget_type=\"heading.default\">\n\t\t\t\t<div class=\"elementor-widget-container\">\n\t\t\t\t\t<h2 class=\"elementor-heading-title elementor-size-default\"><span class=\"ez-toc-section\" id=\"Qui_sont_ces_jeunes_peut_etre_nees_en_1956\"><\/span>Qui sont ces jeunes ? peut \u00eatre n\u00e9(e)s en 1956.<span class=\"ez-toc-section-end\"><\/span><\/h2>\t\t\t\t<\/div>\n\t\t\t\t<\/div>\n\t\t\t\t<section class=\"elementor-section elementor-inner-section elementor-element elementor-element-783fc576 elementor-section-boxed elementor-section-height-default elementor-section-height-default\" data-id=\"783fc576\" data-element_type=\"section\" data-e-type=\"section\">\n\t\t\t\t\t\t<div class=\"elementor-container elementor-column-gap-default\">\n\t\t\t\t\t<div class=\"elementor-column elementor-col-50 elementor-inner-column elementor-element elementor-element-541c215\" data-id=\"541c215\" data-element_type=\"column\" data-e-type=\"column\">\n\t\t\t<div class=\"elementor-widget-wrap elementor-element-populated\">\n\t\t\t\t\t\t<div class=\"elementor-element elementor-element-1452a87a elementor-widget elementor-widget-text-editor\" data-id=\"1452a87a\" data-element_type=\"widget\" data-e-type=\"widget\" data-widget_type=\"text-editor.default\">\n\t\t\t\t<div class=\"elementor-widget-container\">\n\t\t\t\t\t\t\t\t\t<ul><li><b>1\/\u00a0 \u00a0 Martine Polleux<\/b><\/li><li><b>2\/\u00a0 \u00a0 Jean-Marie Gonet<\/b><\/li><li><b>3\/\u00a0 \u00a0 Fabrice Ko\u00e9nig<\/b><\/li><li><b>4\/\u00a0 \u00a0 G\u00e9rald Aubert<\/b><\/li><li><b>5\/<\/b><\/li><li><b>6\/<\/b><\/li><li><b>7\/\u00a0 \u00a0 Dominique Deloubri\u00e9re<\/b><\/li><li><b>8\/\u00a0 \u00a0 Marl\u00e9ne Deloubri\u00e9re<\/b><\/li><li><b>9\/\u00a0 \u00a0 Christine Faillu<\/b><\/li><li><b>10\/\u00a0 Claire Faillu<\/b><\/li><li><b>11\/<\/b><\/li><li><b>12\/\u00a0 Maryline Willeretz<\/b><\/li><li><b>13\/\u00a0 Michelle Lheureux<\/b><\/li><li><b>14\/\u00a0 Manuel Grebet<\/b><\/li><li><b>15\/\u00a0 Phillipe Varlet<\/b><\/li><li><b>16\/<\/b><\/li><li><b>17\/<\/b><\/li><li><b>18\/<\/b><\/li><li><b>19\/<\/b><\/li><li><b>20\/\u00a0 Corinne Cornu<\/b><\/li><\/ul>\t\t\t\t\t\t\t\t<\/div>\n\t\t\t\t<\/div>\n\t\t\t\t\t<\/div>\n\t\t<\/div>\n\t\t\t\t<div class=\"elementor-column elementor-col-50 elementor-inner-column elementor-element elementor-element-30984f0f\" data-id=\"30984f0f\" data-element_type=\"column\" data-e-type=\"column\">\n\t\t\t<div class=\"elementor-widget-wrap elementor-element-populated\">\n\t\t\t\t\t\t<div class=\"elementor-element elementor-element-6d3a6c55 elementor-widget elementor-widget-text-editor\" data-id=\"6d3a6c55\" data-element_type=\"widget\" data-e-type=\"widget\" data-widget_type=\"text-editor.default\">\n\t\t\t\t<div class=\"elementor-widget-container\">\n\t\t\t\t\t\t\t\t\t<ul><li><strong>21\/<\/strong><\/li><li><strong>22\/<\/strong><\/li><li><strong>23\/<\/strong><\/li><li><strong>24\/\u00a0 Eliane Papin<\/strong><\/li><li><strong>25\/<\/strong><\/li><li><strong>26\/<\/strong><\/li><li><strong>27\/\u00a0 Fran\u00e7ois Callais<\/strong><\/li><li><strong>28\/<\/strong><\/li><li><strong>29\/\u00a0 Claude Pilvoix<\/strong><\/li><li><strong>30\/<\/strong><\/li><li><strong>31\/<\/strong><\/li><li><strong>32\/<\/strong><\/li><li><strong>33\/<\/strong><\/li><li><strong>34\/<\/strong><\/li><li><strong>35\/\u00a0 G\u00e9rard Langlois<\/strong><\/li><li><strong>36\/\u00a0 R\u00e9gis Vasseur<\/strong><\/li><li><strong>37\/\u00a0 Luc Vervelle<\/strong><\/li><li><strong>38\/\u00a0 Alain Bellard<\/strong><\/li><li><strong>39\/\u00a0 Lillianne Petit<\/strong><\/li><li><strong>40\/<\/strong><\/li><li><strong>41\/\u00a0 Denise Devauchelle<\/strong><\/li><\/ul>\t\t\t\t\t\t\t\t<\/div>\n\t\t\t\t<\/div>\n\t\t\t\t\t<\/div>\n\t\t<\/div>\n\t\t\t\t\t<\/div>\n\t\t<\/section>\n\t\t\t\t<div class=\"elementor-element elementor-element-41075946 elementor-widget elementor-widget-text-editor\" data-id=\"41075946\" data-element_type=\"widget\" data-e-type=\"widget\" data-widget_type=\"text-editor.default\">\n\t\t\t\t<div class=\"elementor-widget-container\">\n\t\t\t\t\t\t\t\t\t<p><b>Si vous reconnaissez quelqu&rsquo;un sur cette photo, indiquez le num\u00e9ro et le nom\u00a0 et pr\u00e9nom en dessous dans les commentaires. Merci par avance.<\/b><\/p>\t\t\t\t\t\t\t\t<\/div>\n\t\t\t\t<\/div>\n\t\t\t\t<div class=\"elementor-element elementor-element-508997e3 elementor-widget elementor-widget-text-editor\" data-id=\"508997e3\" data-element_type=\"widget\" data-e-type=\"widget\" data-widget_type=\"text-editor.default\">\n\t\t\t\t<div class=\"elementor-widget-container\">\n\t\t\t\t\t\t\t\t\t<p><strong>Si vous avez en votre possession des photos anciennes d&rsquo;\u00e9quipes de sports, de r\u00e9unions officielles, de photos de classes, de f\u00eates collectives de Longpr\u00e9 les Corps Saint ou concernant notre ville.<\/strong><br \/><strong>Contactez-moi \u00e0 cette adresse : <a href=\"mailto:asp.longiprate@gmail.com\">asp.longiprate@gmail.com<\/a><\/strong><br \/><strong>Nous vous en remercierons par avance et vous permettrez \u00e0 tous d&rsquo;y retrouver peut-\u00eatre un proche ou ami (e).<\/strong><\/p>\t\t\t\t\t\t\t\t<\/div>\n\t\t\t\t<\/div>\n\t\t\t\t\t<\/div>\n\t\t<\/div>\n\t\t\t\t\t<\/div>\n\t\t<\/section>\n\t\t\t\t<\/div>\n\t\t","protected":false},"excerpt":{"rendered":"<p>Classe maternelle 1962\/1963, dans ces ann\u00e9es l\u00e0, l&rsquo;\u00e9cole primaire n&rsquo;\u00e9tait pas mixte.<br \/>\nLes seules photos de classe mixte \u00e9taient pour la maternelle, une vieille tradition Longiprates.<\/p>\n","protected":false},"author":1,"featured_media":3716,"comment_status":"open","ping_status":"open","sticky":false,"template":"","format":"standard","meta":{"_uag_custom_page_level_css":"","_EventAllDay":false,"_EventTimezone":"","_EventStartDate":"","_EventEndDate":"","_EventStartDateUTC":"","_EventEndDateUTC":"","_EventShowMap":false,"_EventShowMapLink":false,"_EventURL":"","_EventCost":"","_EventCostDescription":"","_EventCurrencySymbol":"","_EventCurrencyCode":"","_EventCurrencyPosition":"","_EventDateTimeSeparator":"","_EventTimeRangeSeparator":"","_EventOrganizerID":[],"_EventVenueID":[],"_OrganizerEmail":"","_OrganizerPhone":"","_OrganizerWebsite":"","_VenueAddress":"","_VenueCity":"","_VenueCountry":"","_VenueProvince":"","_VenueState":"","_VenueZip":"","_VenuePhone":"","_VenueURL":"","_VenueStateProvince":"","_VenueLat":"","_VenueLng":"","_VenueShowMap":false,"_VenueShowMapLink":false,"_kadence_starter_templates_imported_post":false,"_kad_post_transparent":"","_kad_post_title":"","_kad_post_layout":"right","_kad_post_sidebar_id":"","_kad_post_content_style":"","_kad_post_vertical_padding":"","_kad_post_feature":"","_kad_post_feature_position":"","_kad_post_header":false,"_kad_post_footer":false,"_kad_post_classname":"","footnotes":""},"categories":[35,38],"tags":[199,200,81,73,227,197],"class_list":["post-3715","post","type-post","status-publish","format-standard","has-post-thumbnail","hentry","category-avis-recherches","category-photos-classes","tag-199","tag-200","tag-classe","tag-enfants","tag-longpre-2","tag-maternelle"],"uagb_featured_image_src":{"full":["https:\/\/histoire-longpre-lcs.org\/blog-histoire\/wp-content\/uploads\/2023\/10\/Classe-maternelle-1962-1963-Maryline-Villeret-scaled.jpg",2560,1821,false],"thumbnail":["https:\/\/histoire-longpre-lcs.org\/blog-histoire\/wp-content\/uploads\/2023\/10\/Classe-maternelle-1962-1963-Maryline-Villeret-150x150.jpg",150,150,true],"medium":["https:\/\/histoire-longpre-lcs.org\/blog-histoire\/wp-content\/uploads\/2023\/10\/Classe-maternelle-1962-1963-Maryline-Villeret-300x213.jpg",300,213,true],"medium_large":["https:\/\/histoire-longpre-lcs.org\/blog-histoire\/wp-content\/uploads\/2023\/10\/Classe-maternelle-1962-1963-Maryline-Villeret-768x546.jpg",768,546,true],"large":["https:\/\/histoire-longpre-lcs.org\/blog-histoire\/wp-content\/uploads\/2023\/10\/Classe-maternelle-1962-1963-Maryline-Villeret-1024x728.jpg",1024,728,true],"1536x1536":["https:\/\/histoire-longpre-lcs.org\/blog-histoire\/wp-content\/uploads\/2023\/10\/Classe-maternelle-1962-1963-Maryline-Villeret-1536x1093.jpg",1536,1093,true],"2048x2048":["https:\/\/histoire-longpre-lcs.org\/blog-histoire\/wp-content\/uploads\/2023\/10\/Classe-maternelle-1962-1963-Maryline-Villeret-2048x1457.jpg",2048,1457,true]},"uagb_author_info":{"display_name":"Zembla-80","author_link":"https:\/\/histoire-longpre-lcs.org\/blog-histoire\/author\/zembla-80\/"},"uagb_comment_info":0,"uagb_excerpt":"Classe maternelle 1962\/1963, dans ces ann\u00e9es l\u00e0, l'\u00e9cole primaire n'\u00e9tait pas mixte. Les seules photos de classe mixte \u00e9taient pour la maternelle, une vieille tradition Longiprates.","_links":{"self":[{"href":"https:\/\/histoire-longpre-lcs.org\/blog-histoire\/wp-json\/wp\/v2\/posts\/3715","targetHints":{"allow":["GET"]}}],"collection":[{"href":"https:\/\/histoire-longpre-lcs.org\/blog-histoire\/wp-json\/wp\/v2\/posts"}],"about":[{"href":"https:\/\/histoire-longpre-lcs.org\/blog-histoire\/wp-json\/wp\/v2\/types\/post"}],"author":[{"embeddable":true,"href":"https:\/\/histoire-longpre-lcs.org\/blog-histoire\/wp-json\/wp\/v2\/users\/1"}],"replies":[{"embeddable":true,"href":"https:\/\/histoire-longpre-lcs.org\/blog-histoire\/wp-json\/wp\/v2\/comments?post=3715"}],"version-history":[{"count":26,"href":"https:\/\/histoire-longpre-lcs.org\/blog-histoire\/wp-json\/wp\/v2\/posts\/3715\/revisions"}],"predecessor-version":[{"id":5324,"href":"https:\/\/histoire-longpre-lcs.org\/blog-histoire\/wp-json\/wp\/v2\/posts\/3715\/revisions\/5324"}],"wp:featuredmedia":[{"embeddable":true,"href":"https:\/\/histoire-longpre-lcs.org\/blog-histoire\/wp-json\/wp\/v2\/media\/3716"}],"wp:attachment":[{"href":"https:\/\/histoire-longpre-lcs.org\/blog-histoire\/wp-json\/wp\/v2\/media?parent=3715"}],"wp:term":[{"taxonomy":"category","embeddable":true,"href":"https:\/\/histoire-longpre-lcs.org\/blog-histoire\/wp-json\/wp\/v2\/categories?post=3715"},{"taxonomy":"post_tag","embeddable":true,"href":"https:\/\/histoire-longpre-lcs.org\/blog-histoire\/wp-json\/wp\/v2\/tags?post=3715"}],"curies":[{"name":"wp","href":"https:\/\/api.w.org\/{rel}","templated":true}]}}