{"id":3647,"date":"2023-09-30T10:37:05","date_gmt":"2023-09-30T10:37:05","guid":{"rendered":"https:\/\/histoiredelongprelcs.org\/blog-histoire\/?p=3647"},"modified":"2024-02-22T10:37:36","modified_gmt":"2024-02-22T10:37:36","slug":"ecole-maternelle-en-1969","status":"publish","type":"post","link":"https:\/\/histoire-longpre-lcs.org\/blog-histoire\/ecole-maternelle-en-1969\/","title":{"rendered":"\u00c9cole maternelle en 1969"},"content":{"rendered":"\t\t<div data-elementor-type=\"wp-post\" data-elementor-id=\"3647\" class=\"elementor elementor-3647\">\n\t\t\t\t\t\t<section class=\"elementor-section elementor-top-section elementor-element elementor-element-70494217 elementor-section-boxed elementor-section-height-default elementor-section-height-default\" data-id=\"70494217\" data-element_type=\"section\" data-e-type=\"section\">\n\t\t\t\t\t\t<div class=\"elementor-container elementor-column-gap-default\">\n\t\t\t\t\t<div class=\"elementor-column elementor-col-100 elementor-top-column elementor-element elementor-element-3a767fa2\" data-id=\"3a767fa2\" data-element_type=\"column\" data-e-type=\"column\">\n\t\t\t<div class=\"elementor-widget-wrap elementor-element-populated\">\n\t\t\t\t\t\t<div class=\"elementor-element elementor-element-bca1f23 elementor-widget elementor-widget-heading\" data-id=\"bca1f23\" data-element_type=\"widget\" data-e-type=\"widget\" data-widget_type=\"heading.default\">\n\t\t\t\t<div class=\"elementor-widget-container\">\n\t\t\t\t\t<div id=\"ez-toc-container\" class=\"ez-toc-v2_0_87 counter-hierarchy ez-toc-counter ez-toc-light-blue ez-toc-container-direction\">\n<div class=\"ez-toc-title-container\">\n<p class=\"ez-toc-title\" style=\"cursor:inherit\">Table des mati\u00e9res<\/p>\n<span class=\"ez-toc-title-toggle\"><a href=\"#\" class=\"ez-toc-pull-right ez-toc-btn ez-toc-btn-xs ez-toc-btn-default ez-toc-toggle\" aria-label=\"Toggle Table of Content\"><span class=\"ez-toc-js-icon-con\"><span class=\"\"><span class=\"eztoc-hide\" style=\"display:none;\">Toggle<\/span><span class=\"ez-toc-icon-toggle-span\"><svg style=\"fill: #999;color:#999\" xmlns=\"http:\/\/www.w3.org\/2000\/svg\" class=\"list-377408\" width=\"20px\" height=\"20px\" viewBox=\"0 0 24 24\" fill=\"none\"><path d=\"M6 6H4v2h2V6zm14 0H8v2h12V6zM4 11h2v2H4v-2zm16 0H8v2h12v-2zM4 16h2v2H4v-2zm16 0H8v2h12v-2z\" fill=\"currentColor\"><\/path><\/svg><svg style=\"fill: #999;color:#999\" class=\"arrow-unsorted-368013\" xmlns=\"http:\/\/www.w3.org\/2000\/svg\" width=\"10px\" height=\"10px\" viewBox=\"0 0 24 24\" version=\"1.2\" baseProfile=\"tiny\"><path d=\"M18.2 9.3l-6.2-6.3-6.2 6.3c-.2.2-.3.4-.3.7s.1.5.3.7c.2.2.4.3.7.3h11c.3 0 .5-.1.7-.3.2-.2.3-.5.3-.7s-.1-.5-.3-.7zM5.8 14.7l6.2 6.3 6.2-6.3c.2-.2.3-.5.3-.7s-.1-.5-.3-.7c-.2-.2-.4-.3-.7-.3h-11c-.3 0-.5.1-.7.3-.2.2-.3.5-.3.7s.1.5.3.7z\"\/><\/svg><\/span><\/span><\/span><\/a><\/span><\/div>\n<nav><ul class='ez-toc-list ez-toc-list-level-1 eztoc-toggle-hide-by-default' ><li class='ez-toc-page-1 ez-toc-heading-level-2'><a class=\"ez-toc-link ez-toc-heading-1\" href=\"https:\/\/histoire-longpre-lcs.org\/blog-histoire\/ecole-maternelle-en-1969\/#Histoire_des_ecoles_a_Longpre\" >Histoire des \u00e9coles \u00e0 Longpr\u00e9.<\/a><\/li><li class='ez-toc-page-1 ez-toc-heading-level-2'><a class=\"ez-toc-link ez-toc-heading-2\" href=\"https:\/\/histoire-longpre-lcs.org\/blog-histoire\/ecole-maternelle-en-1969\/#Ecole_des_Filles_et_garcons_Cp_en_1969\" >Ecole des Filles et gar\u00e7ons, Cp en 1969<\/a><\/li><li class='ez-toc-page-1 ez-toc-heading-level-2'><a class=\"ez-toc-link ez-toc-heading-3\" href=\"https:\/\/histoire-longpre-lcs.org\/blog-histoire\/ecole-maternelle-en-1969\/#Qui_sont_ces_jeunes\" >Qui sont ces jeunes ?<\/a><\/li><\/ul><\/nav><\/div>\n<h2 class=\"elementor-heading-title elementor-size-default\"><span class=\"ez-toc-section\" id=\"Histoire_des_ecoles_a_Longpre\"><\/span>Histoire des \u00e9coles \u00e0 Longpr\u00e9.<span class=\"ez-toc-section-end\"><\/span><\/h2>\t\t\t\t<\/div>\n\t\t\t\t<\/div>\n\t\t\t\t<div class=\"elementor-element elementor-element-1d3363c2 elementor-widget elementor-widget-text-editor\" data-id=\"1d3363c2\" data-element_type=\"widget\" data-e-type=\"widget\" data-widget_type=\"text-editor.default\">\n\t\t\t\t<div class=\"elementor-widget-container\">\n\t\t\t\t\t\t\t\t\t<p><strong>Si vous avez des renseignements sur les \u00e9coles de Longpr\u00e9, date de cr\u00e9ation, des photos, les personnes qui y ont travaill\u00e9, etc&#8230;<\/strong><br \/><strong>Utilisez la boite commentaire pour nous les faire parvenir.<\/strong><br \/><strong>Merci par avance.<\/strong><\/p>\t\t\t\t\t\t\t\t<\/div>\n\t\t\t\t<\/div>\n\t\t\t\t<div class=\"elementor-element elementor-element-a6c971c elementor-widget elementor-widget-heading\" data-id=\"a6c971c\" data-element_type=\"widget\" data-e-type=\"widget\" data-widget_type=\"heading.default\">\n\t\t\t\t<div class=\"elementor-widget-container\">\n\t\t\t\t\t<h2 class=\"elementor-heading-title elementor-size-default\"><span class=\"ez-toc-section\" id=\"Ecole_des_Filles_et_garcons_Cp_en_1969\"><\/span>Ecole des Filles et gar\u00e7ons, Cp en 1969<span class=\"ez-toc-section-end\"><\/span><\/h2>\t\t\t\t<\/div>\n\t\t\t\t<\/div>\n\t\t\t\t<div class=\"elementor-element elementor-element-2d2068ba elementor-widget elementor-widget-image\" data-id=\"2d2068ba\" data-element_type=\"widget\" data-e-type=\"widget\" data-widget_type=\"image.default\">\n\t\t\t\t<div class=\"elementor-widget-container\">\n\t\t\t\t\t\t\t\t\t\t\t\t<figure class=\"wp-caption\">\n\t\t\t\t\t\t\t\t\t\t\t<a href=\"https:\/\/histoiredelongprelcs.org\/blog-histoire\/wp-content\/uploads\/2023\/09\/Photo-classe-annee-inconnue-2.jpg\" data-elementor-open-lightbox=\"no\" target=\"_blank\" rel=\"noopener\">\n\t\t\t\t\t\t\t<img fetchpriority=\"high\" decoding=\"async\" width=\"960\" height=\"714\" src=\"https:\/\/histoire-longpre-lcs.org\/blog-histoire\/wp-content\/uploads\/2023\/09\/Photo-classe-annee-inconnue-2.jpg\" class=\"attachment-large size-large wp-image-3648\" alt=\"Les classes filles et gar\u00c3\u00a7on CP en 1969.\" srcset=\"https:\/\/histoire-longpre-lcs.org\/blog-histoire\/wp-content\/uploads\/2023\/09\/Photo-classe-annee-inconnue-2.jpg 960w, https:\/\/histoire-longpre-lcs.org\/blog-histoire\/wp-content\/uploads\/2023\/09\/Photo-classe-annee-inconnue-2-300x223.jpg 300w, https:\/\/histoire-longpre-lcs.org\/blog-histoire\/wp-content\/uploads\/2023\/09\/Photo-classe-annee-inconnue-2-768x571.jpg 768w, https:\/\/histoire-longpre-lcs.org\/blog-histoire\/wp-content\/uploads\/2023\/09\/Photo-classe-annee-inconnue-2-750x558.jpg 750w, https:\/\/histoire-longpre-lcs.org\/blog-histoire\/wp-content\/uploads\/2023\/09\/Photo-classe-annee-inconnue-2-600x446.jpg 600w\" sizes=\"(max-width: 960px) 100vw, 960px\" \/>\t\t\t\t\t\t\t\t<\/a>\n\t\t\t\t\t\t\t\t\t\t\t<figcaption class=\"widget-image-caption wp-caption-text\">Les classes filles et gar\u00c3\u00a7on CP en 1969.<\/figcaption>\n\t\t\t\t\t\t\t\t\t\t<\/figure>\n\t\t\t\t\t\t\t\t\t<\/div>\n\t\t\t\t<\/div>\n\t\t\t\t<div class=\"elementor-element elementor-element-55563bf5 elementor-widget__width-initial elementor-widget elementor-widget-image\" data-id=\"55563bf5\" data-element_type=\"widget\" data-e-type=\"widget\" data-widget_type=\"image.default\">\n\t\t\t\t<div class=\"elementor-widget-container\">\n\t\t\t\t\t\t\t\t\t\t\t\t\t\t\t\t<a href=\"https:\/\/histoiredelongprelcs.org\/blog-histoire\/wp-content\/uploads\/2023\/09\/Photo-classe-annee-inconnue-2-numerote-scaled.jpg\" data-elementor-open-lightbox=\"yes\" data-elementor-lightbox-title=\"Photo classe ann\u00c3\u00a9e inconnue-2-numerote\" data-elementor-lightbox-description=\"Les classes filles et gar\u00c3\u00a7on CP en 1969-num\u00c3\u00a9rot\u00c3\u00a9.\" data-e-action-hash=\"#elementor-action%3Aaction%3Dlightbox%26settings%3DeyJpZCI6MzY0OSwidXJsIjoiaHR0cHM6XC9cL2hpc3RvaXJlLWxvbmdwcmUtbGNzLm9yZ1wvYmxvZy1oaXN0b2lyZVwvd3AtY29udGVudFwvdXBsb2Fkc1wvMjAyM1wvMDlcL1Bob3RvLWNsYXNzZS1hbm5lZS1pbmNvbm51ZS0yLW51bWVyb3RlLXNjYWxlZC5qcGcifQ%3D%3D\" target=\"_blank\" rel=\"noopener\">\n\t\t\t\t\t\t\t<img decoding=\"async\" width=\"1024\" height=\"760\" src=\"https:\/\/histoire-longpre-lcs.org\/blog-histoire\/wp-content\/uploads\/2023\/09\/Photo-classe-annee-inconnue-2-numerote-1024x760.jpg\" class=\"attachment-large size-large wp-image-3649\" alt=\"Les classes filles et gar\u00c3\u00a7on CP en 1969-num\u00c3\u00a9rot\u00c3\u00a9.\" srcset=\"https:\/\/histoire-longpre-lcs.org\/blog-histoire\/wp-content\/uploads\/2023\/09\/Photo-classe-annee-inconnue-2-numerote-1024x760.jpg 1024w, https:\/\/histoire-longpre-lcs.org\/blog-histoire\/wp-content\/uploads\/2023\/09\/Photo-classe-annee-inconnue-2-numerote-300x223.jpg 300w, https:\/\/histoire-longpre-lcs.org\/blog-histoire\/wp-content\/uploads\/2023\/09\/Photo-classe-annee-inconnue-2-numerote-768x570.jpg 768w, https:\/\/histoire-longpre-lcs.org\/blog-histoire\/wp-content\/uploads\/2023\/09\/Photo-classe-annee-inconnue-2-numerote-1536x1140.jpg 1536w, https:\/\/histoire-longpre-lcs.org\/blog-histoire\/wp-content\/uploads\/2023\/09\/Photo-classe-annee-inconnue-2-numerote-2048x1520.jpg 2048w, https:\/\/histoire-longpre-lcs.org\/blog-histoire\/wp-content\/uploads\/2023\/09\/Photo-classe-annee-inconnue-2-numerote-750x557.jpg 750w, https:\/\/histoire-longpre-lcs.org\/blog-histoire\/wp-content\/uploads\/2023\/09\/Photo-classe-annee-inconnue-2-numerote-600x445.jpg 600w\" sizes=\"(max-width: 1024px) 100vw, 1024px\" \/>\t\t\t\t\t\t\t\t<\/a>\n\t\t\t\t\t\t\t\t\t\t\t\t\t\t\t<\/div>\n\t\t\t\t<\/div>\n\t\t\t\t<div class=\"elementor-element elementor-element-15f0a671 elementor-widget elementor-widget-heading\" data-id=\"15f0a671\" data-element_type=\"widget\" data-e-type=\"widget\" data-widget_type=\"heading.default\">\n\t\t\t\t<div class=\"elementor-widget-container\">\n\t\t\t\t\t<h4 class=\"elementor-heading-title elementor-size-default\">Photo archive de : Patrick Olen, les noms sur Facebook<\/h4>\t\t\t\t<\/div>\n\t\t\t\t<\/div>\n\t\t\t\t<div class=\"elementor-element elementor-element-f259a9 elementor-widget elementor-widget-heading\" data-id=\"f259a9\" data-element_type=\"widget\" data-e-type=\"widget\" data-widget_type=\"heading.default\">\n\t\t\t\t<div class=\"elementor-widget-container\">\n\t\t\t\t\t<h2 class=\"elementor-heading-title elementor-size-default\"><span class=\"ez-toc-section\" id=\"Qui_sont_ces_jeunes\"><\/span>Qui sont ces jeunes ?<span class=\"ez-toc-section-end\"><\/span><\/h2>\t\t\t\t<\/div>\n\t\t\t\t<\/div>\n\t\t\t\t<div class=\"elementor-element elementor-element-3da19ecb elementor-widget elementor-widget-text-editor\" data-id=\"3da19ecb\" data-element_type=\"widget\" data-e-type=\"widget\" data-widget_type=\"text-editor.default\">\n\t\t\t\t<div class=\"elementor-widget-container\">\n\t\t\t\t\t\t\t\t\t<p><span style=\"text-decoration: underline;\"><strong>Au 1er rang de gauche \u00e0 droite :<\/strong><\/span><\/p>\t\t\t\t\t\t\t\t<\/div>\n\t\t\t\t<\/div>\n\t\t\t\t<section class=\"elementor-section elementor-inner-section elementor-element elementor-element-608d354d elementor-section-boxed elementor-section-height-default elementor-section-height-default\" data-id=\"608d354d\" data-element_type=\"section\" data-e-type=\"section\">\n\t\t\t\t\t\t<div class=\"elementor-container elementor-column-gap-default\">\n\t\t\t\t\t<div class=\"elementor-column elementor-col-50 elementor-inner-column elementor-element elementor-element-26535121\" data-id=\"26535121\" data-element_type=\"column\" data-e-type=\"column\">\n\t\t\t<div class=\"elementor-widget-wrap elementor-element-populated\">\n\t\t\t\t\t\t<div class=\"elementor-element elementor-element-691dc72b elementor-widget elementor-widget-text-editor\" data-id=\"691dc72b\" data-element_type=\"widget\" data-e-type=\"widget\" data-widget_type=\"text-editor.default\">\n\t\t\t\t<div class=\"elementor-widget-container\">\n\t\t\t\t\t\t\t\t\t<ul><li><strong>1\/<\/strong><\/li><li><strong>2\/<\/strong><\/li><li><strong>3\/<\/strong><\/li><li><strong>4\/<\/strong><\/li><li><strong>5\/<\/strong><\/li><li><strong>6\/<\/strong><\/li><li><strong>7\/<\/strong><\/li><li><strong>8\/<\/strong><\/li><li><strong>9\/<\/strong><\/li><li><strong>10\/<\/strong><\/li><li><strong>11\/<\/strong><\/li><li><strong>12\/\u00a0<\/strong><\/li><li><strong>13\/<\/strong><\/li><li><strong>14\/<\/strong><\/li><li><strong>15\/<\/strong><\/li><li><strong>16\/<\/strong><\/li><li><strong>17\/<\/strong><\/li><li><strong>18\/<\/strong><\/li><li><strong>19\/<\/strong><\/li><li><strong>20\/<\/strong><\/li><li><strong>21\/<\/strong><\/li><li><strong>22\/<\/strong><\/li><li><strong>23\/<\/strong><\/li><li><strong>24<\/strong><\/li><\/ul>\t\t\t\t\t\t\t\t<\/div>\n\t\t\t\t<\/div>\n\t\t\t\t\t<\/div>\n\t\t<\/div>\n\t\t\t\t<div class=\"elementor-column elementor-col-50 elementor-inner-column elementor-element elementor-element-557a8411\" data-id=\"557a8411\" data-element_type=\"column\" data-e-type=\"column\">\n\t\t\t<div class=\"elementor-widget-wrap elementor-element-populated\">\n\t\t\t\t\t\t<div class=\"elementor-element elementor-element-6373769c elementor-widget elementor-widget-text-editor\" data-id=\"6373769c\" data-element_type=\"widget\" data-e-type=\"widget\" data-widget_type=\"text-editor.default\">\n\t\t\t\t<div class=\"elementor-widget-container\">\n\t\t\t\t\t\t\t\t\t<ul><li><strong>25\/<\/strong><\/li><li><strong>26\/<\/strong><\/li><li><strong>27\/<\/strong><\/li><li><strong>28\/<\/strong><\/li><li><strong>29\/<\/strong><\/li><li><strong>30\/<\/strong><\/li><li><strong>31\/<\/strong><\/li><li><strong>31\/<\/strong><\/li><li><strong>33\/<\/strong><\/li><li><strong>34\/<\/strong><\/li><li><strong>35\/<\/strong><\/li><li><strong>36\/<\/strong><\/li><li><strong>37<\/strong><\/li><li><strong>38\/<\/strong><\/li><li><strong>39\/<\/strong><\/li><li><strong>40\/<\/strong><\/li><li><strong>41\/<\/strong><\/li><li><strong>42\/<\/strong><\/li><li><strong>43\/<\/strong><\/li><li><strong>44\/<\/strong><\/li><li>\u00a0<\/li><\/ul>\t\t\t\t\t\t\t\t<\/div>\n\t\t\t\t<\/div>\n\t\t\t\t\t<\/div>\n\t\t<\/div>\n\t\t\t\t\t<\/div>\n\t\t<\/section>\n\t\t\t\t<div class=\"elementor-element elementor-element-7a38e3f4 elementor-widget elementor-widget-text-editor\" data-id=\"7a38e3f4\" data-element_type=\"widget\" data-e-type=\"widget\" data-widget_type=\"text-editor.default\">\n\t\t\t\t<div class=\"elementor-widget-container\">\n\t\t\t\t\t\t\t\t\t<p><strong>Si vous reconnaissez quelq&rsquo;un sur cette photo, indiquez le num\u00e9ro et le nom\u00a0 et pr\u00e9nom en dessous dans les commentaires. Merci par avance.<\/strong><\/p>\t\t\t\t\t\t\t\t<\/div>\n\t\t\t\t<\/div>\n\t\t\t\t<div class=\"elementor-element elementor-element-f2e4ec0 elementor-widget elementor-widget-text-editor\" data-id=\"f2e4ec0\" data-element_type=\"widget\" data-e-type=\"widget\" data-widget_type=\"text-editor.default\">\n\t\t\t\t<div class=\"elementor-widget-container\">\n\t\t\t\t\t\t\t\t\t<p><strong>Si vous avez en votre possession des photos anciennes d&rsquo;\u00e9quipes de sports, de r\u00e9unions officielles, de photos de classes, de f\u00eates collectives de Longpr\u00e9 les Corps Saint ou concernant notre ville.<\/strong><br \/><strong>Contactez-moi \u00e0 cette adresse : <a href=\"mailto:asp.longiprate@gmail.com\">asp.longiprate@gmail.com<\/a><\/strong><br \/><strong>Nous vous en remercierons par avance et vous permettrez \u00e0 tous d&rsquo;y retrouver peut-\u00eatre un proche ou ami (e).<\/strong><\/p>\t\t\t\t\t\t\t\t<\/div>\n\t\t\t\t<\/div>\n\t\t\t\t\t<\/div>\n\t\t<\/div>\n\t\t\t\t\t<\/div>\n\t\t<\/section>\n\t\t\t\t<\/div>\n\t\t","protected":false},"excerpt":{"rendered":"<p>Les classes filles et gar\u00e7on CP en 1969.<\/p>\n","protected":false},"author":1,"featured_media":3649,"comment_status":"open","ping_status":"open","sticky":false,"template":"","format":"standard","meta":{"_uag_custom_page_level_css":"","_EventAllDay":false,"_EventTimezone":"","_EventStartDate":"","_EventEndDate":"","_EventStartDateUTC":"","_EventEndDateUTC":"","_EventShowMap":false,"_EventShowMapLink":false,"_EventURL":"","_EventCost":"","_EventCostDescription":"","_EventCurrencySymbol":"","_EventCurrencyCode":"","_EventCurrencyPosition":"","_EventDateTimeSeparator":"","_EventTimeRangeSeparator":"","_EventOrganizerID":[],"_EventVenueID":[],"_OrganizerEmail":"","_OrganizerPhone":"","_OrganizerWebsite":"","_VenueAddress":"","_VenueCity":"","_VenueCountry":"","_VenueProvince":"","_VenueState":"","_VenueZip":"","_VenuePhone":"","_VenueURL":"","_VenueStateProvince":"","_VenueLat":"","_VenueLng":"","_VenueShowMap":false,"_VenueShowMapLink":false,"_kadence_starter_templates_imported_post":false,"_kad_post_transparent":"","_kad_post_title":"","_kad_post_layout":"right","_kad_post_sidebar_id":"","_kad_post_content_style":"","_kad_post_vertical_padding":"","_kad_post_feature":"","_kad_post_feature_position":"","_kad_post_header":false,"_kad_post_footer":false,"_kad_post_classname":"","footnotes":""},"categories":[35,38],"tags":[93,198,73,227,197],"class_list":["post-3647","post","type-post","status-publish","format-standard","has-post-thumbnail","hentry","category-avis-recherches","category-photos-classes","tag-93","tag-ecole-2","tag-enfants","tag-longpre-2","tag-maternelle"],"uagb_featured_image_src":{"full":["https:\/\/histoire-longpre-lcs.org\/blog-histoire\/wp-content\/uploads\/2023\/09\/Photo-classe-annee-inconnue-2-numerote-scaled.jpg",2560,1900,false],"thumbnail":["https:\/\/histoire-longpre-lcs.org\/blog-histoire\/wp-content\/uploads\/2023\/09\/Photo-classe-annee-inconnue-2-numerote-150x150.jpg",150,150,true],"medium":["https:\/\/histoire-longpre-lcs.org\/blog-histoire\/wp-content\/uploads\/2023\/09\/Photo-classe-annee-inconnue-2-numerote-300x223.jpg",300,223,true],"medium_large":["https:\/\/histoire-longpre-lcs.org\/blog-histoire\/wp-content\/uploads\/2023\/09\/Photo-classe-annee-inconnue-2-numerote-768x570.jpg",768,570,true],"large":["https:\/\/histoire-longpre-lcs.org\/blog-histoire\/wp-content\/uploads\/2023\/09\/Photo-classe-annee-inconnue-2-numerote-1024x760.jpg",1024,760,true],"1536x1536":["https:\/\/histoire-longpre-lcs.org\/blog-histoire\/wp-content\/uploads\/2023\/09\/Photo-classe-annee-inconnue-2-numerote-1536x1140.jpg",1536,1140,true],"2048x2048":["https:\/\/histoire-longpre-lcs.org\/blog-histoire\/wp-content\/uploads\/2023\/09\/Photo-classe-annee-inconnue-2-numerote-2048x1520.jpg",2048,1520,true]},"uagb_author_info":{"display_name":"Zembla-80","author_link":"https:\/\/histoire-longpre-lcs.org\/blog-histoire\/author\/zembla-80\/"},"uagb_comment_info":0,"uagb_excerpt":"Les classes filles et gar\u00e7on CP en 1969.","_links":{"self":[{"href":"https:\/\/histoire-longpre-lcs.org\/blog-histoire\/wp-json\/wp\/v2\/posts\/3647","targetHints":{"allow":["GET"]}}],"collection":[{"href":"https:\/\/histoire-longpre-lcs.org\/blog-histoire\/wp-json\/wp\/v2\/posts"}],"about":[{"href":"https:\/\/histoire-longpre-lcs.org\/blog-histoire\/wp-json\/wp\/v2\/types\/post"}],"author":[{"embeddable":true,"href":"https:\/\/histoire-longpre-lcs.org\/blog-histoire\/wp-json\/wp\/v2\/users\/1"}],"replies":[{"embeddable":true,"href":"https:\/\/histoire-longpre-lcs.org\/blog-histoire\/wp-json\/wp\/v2\/comments?post=3647"}],"version-history":[{"count":8,"href":"https:\/\/histoire-longpre-lcs.org\/blog-histoire\/wp-json\/wp\/v2\/posts\/3647\/revisions"}],"predecessor-version":[{"id":5115,"href":"https:\/\/histoire-longpre-lcs.org\/blog-histoire\/wp-json\/wp\/v2\/posts\/3647\/revisions\/5115"}],"wp:featuredmedia":[{"embeddable":true,"href":"https:\/\/histoire-longpre-lcs.org\/blog-histoire\/wp-json\/wp\/v2\/media\/3649"}],"wp:attachment":[{"href":"https:\/\/histoire-longpre-lcs.org\/blog-histoire\/wp-json\/wp\/v2\/media?parent=3647"}],"wp:term":[{"taxonomy":"category","embeddable":true,"href":"https:\/\/histoire-longpre-lcs.org\/blog-histoire\/wp-json\/wp\/v2\/categories?post=3647"},{"taxonomy":"post_tag","embeddable":true,"href":"https:\/\/histoire-longpre-lcs.org\/blog-histoire\/wp-json\/wp\/v2\/tags?post=3647"}],"curies":[{"name":"wp","href":"https:\/\/api.w.org\/{rel}","templated":true}]}}