{"id":3510,"date":"2023-09-18T01:23:03","date_gmt":"2023-09-18T01:23:03","guid":{"rendered":"https:\/\/histoiredelongprelcs.org\/blog-histoire\/?p=3510"},"modified":"2024-02-22T14:56:27","modified_gmt":"2024-02-22T14:56:27","slug":"le-conseil-de-revision-en-1950","status":"publish","type":"post","link":"https:\/\/histoire-longpre-lcs.org\/blog-histoire\/le-conseil-de-revision-en-1950\/","title":{"rendered":"Le conseil de r\u00e9vision en 1950"},"content":{"rendered":"\t\t<div data-elementor-type=\"wp-post\" data-elementor-id=\"3510\" class=\"elementor elementor-3510\">\n\t\t\t\t\t\t<section class=\"elementor-section elementor-top-section elementor-element elementor-element-23aa273e elementor-section-boxed elementor-section-height-default elementor-section-height-default\" data-id=\"23aa273e\" data-element_type=\"section\" data-e-type=\"section\">\n\t\t\t\t\t\t<div class=\"elementor-container elementor-column-gap-default\">\n\t\t\t\t\t<div class=\"elementor-column elementor-col-100 elementor-top-column elementor-element elementor-element-5395e316\" data-id=\"5395e316\" data-element_type=\"column\" data-e-type=\"column\">\n\t\t\t<div class=\"elementor-widget-wrap elementor-element-populated\">\n\t\t\t\t\t\t<div class=\"elementor-element elementor-element-4a5c0165 elementor-widget elementor-widget-heading\" data-id=\"4a5c0165\" data-element_type=\"widget\" data-e-type=\"widget\" data-widget_type=\"heading.default\">\n\t\t\t\t<div class=\"elementor-widget-container\">\n\t\t\t\t\t<div id=\"ez-toc-container\" class=\"ez-toc-v2_0_87 counter-hierarchy ez-toc-counter ez-toc-light-blue ez-toc-container-direction\">\n<div class=\"ez-toc-title-container\">\n<p class=\"ez-toc-title\" style=\"cursor:inherit\">Table des mati\u00e9res<\/p>\n<span class=\"ez-toc-title-toggle\"><a href=\"#\" class=\"ez-toc-pull-right ez-toc-btn ez-toc-btn-xs ez-toc-btn-default ez-toc-toggle\" aria-label=\"Toggle Table of Content\"><span class=\"ez-toc-js-icon-con\"><span class=\"\"><span class=\"eztoc-hide\" style=\"display:none;\">Toggle<\/span><span class=\"ez-toc-icon-toggle-span\"><svg style=\"fill: #999;color:#999\" xmlns=\"http:\/\/www.w3.org\/2000\/svg\" class=\"list-377408\" width=\"20px\" height=\"20px\" viewBox=\"0 0 24 24\" fill=\"none\"><path d=\"M6 6H4v2h2V6zm14 0H8v2h12V6zM4 11h2v2H4v-2zm16 0H8v2h12v-2zM4 16h2v2H4v-2zm16 0H8v2h12v-2z\" fill=\"currentColor\"><\/path><\/svg><svg style=\"fill: #999;color:#999\" class=\"arrow-unsorted-368013\" xmlns=\"http:\/\/www.w3.org\/2000\/svg\" width=\"10px\" height=\"10px\" viewBox=\"0 0 24 24\" version=\"1.2\" baseProfile=\"tiny\"><path d=\"M18.2 9.3l-6.2-6.3-6.2 6.3c-.2.2-.3.4-.3.7s.1.5.3.7c.2.2.4.3.7.3h11c.3 0 .5-.1.7-.3.2-.2.3-.5.3-.7s-.1-.5-.3-.7zM5.8 14.7l6.2 6.3 6.2-6.3c.2-.2.3-.5.3-.7s-.1-.5-.3-.7c-.2-.2-.4-.3-.7-.3h-11c-.3 0-.5.1-.7.3-.2.2-.3.5-.3.7s.1.5.3.7z\"\/><\/svg><\/span><\/span><\/span><\/a><\/span><\/div>\n<nav><ul class='ez-toc-list ez-toc-list-level-1 eztoc-toggle-hide-by-default' ><li class='ez-toc-page-1 ez-toc-heading-level-2'><a class=\"ez-toc-link ez-toc-heading-1\" href=\"https:\/\/histoire-longpre-lcs.org\/blog-histoire\/le-conseil-de-revision-en-1950\/#Histoire_des_conseils_de_revision_du_canton\" >Histoire des conseils de r\u00e9vision du canton<\/a><\/li><li class='ez-toc-page-1 ez-toc-heading-level-2'><a class=\"ez-toc-link ez-toc-heading-2\" href=\"https:\/\/histoire-longpre-lcs.org\/blog-histoire\/le-conseil-de-revision-en-1950\/#Qui_sont_ces_personnes_attention_ils_ne_pas_tous_Longiprate\" >Qui sont ces personnes ? attention, ils ne pas tous Longiprate<\/a><\/li><\/ul><\/nav><\/div>\n<h2 class=\"elementor-heading-title elementor-size-default\"><span class=\"ez-toc-section\" id=\"Histoire_des_conseils_de_revision_du_canton\"><\/span>Histoire des conseils de r\u00e9vision du canton<span class=\"ez-toc-section-end\"><\/span><\/h2>\t\t\t\t<\/div>\n\t\t\t\t<\/div>\n\t\t\t\t<div class=\"elementor-element elementor-element-6f876238 elementor-widget elementor-widget-text-editor\" data-id=\"6f876238\" data-element_type=\"widget\" data-e-type=\"widget\" data-widget_type=\"text-editor.default\">\n\t\t\t\t<div class=\"elementor-widget-container\">\n\t\t\t\t\t\t\t\t\t<p><strong>Depuis le d\u00e9but de l&rsquo;ann\u00e9e de nos 19 ans, nous attendions ce moment important de notre vie : le Conseil de R\u00e9vision\u2026 <\/strong><br \/><strong>C&rsquo;est ce matin-l\u00e0, nous sommes r\u00e9unis devant la mairie d&rsquo;une ville du canton. Nous nous regroupons autour du maire (ou d&rsquo;un adjoint) de notre commune. C&rsquo;est, pour tous ces jeunes, un acte citoyen tr\u00e8s fort, un repr\u00e9sentant de la municipalit\u00e9 se doit de les accompagner.<br \/>A la fin de la r\u00e9union nous saurons si nous sommes bon pour le Service militaire.<br \/>\u00a0 \u00a0 \u00a0 \u00a0 \u00a0 \u00a0 \u00a0 \u00a0 \u00a0 \u00a0 \u00a0 Un Longiprate&#8230;<br \/><\/strong><\/p>\t\t\t\t\t\t\t\t<\/div>\n\t\t\t\t<\/div>\n\t\t\t\t<div class=\"elementor-element elementor-element-102eda82 elementor-widget elementor-widget-image\" data-id=\"102eda82\" data-element_type=\"widget\" data-e-type=\"widget\" data-widget_type=\"image.default\">\n\t\t\t\t<div class=\"elementor-widget-container\">\n\t\t\t\t\t\t\t\t\t\t\t\t<figure class=\"wp-caption\">\n\t\t\t\t\t\t\t\t\t\t\t<a href=\"https:\/\/histoiredelongprelcs.org\/blog-histoire\/wp-content\/uploads\/2023\/09\/papy_appel_service_militaire_1950.jpg\" data-elementor-open-lightbox=\"yes\" data-elementor-lightbox-title=\"papy_appel_service_militaire_1950\" data-elementor-lightbox-description=\"La c\u00c3\u00a9l\u00c3\u00a8bre journ\u00c3\u00a9e d&#039;appel du canton en 1950.\" data-e-action-hash=\"#elementor-action%3Aaction%3Dlightbox%26settings%3DeyJpZCI6MzUxMSwidXJsIjoiaHR0cHM6XC9cL2hpc3RvaXJlLWxvbmdwcmUtbGNzLm9yZ1wvYmxvZy1oaXN0b2lyZVwvd3AtY29udGVudFwvdXBsb2Fkc1wvMjAyM1wvMDlcL3BhcHlfYXBwZWxfc2VydmljZV9taWxpdGFpcmVfMTk1MC5qcGcifQ%3D%3D\" target=\"_blank\" rel=\"noopener\">\n\t\t\t\t\t\t\t<img fetchpriority=\"high\" decoding=\"async\" width=\"1024\" height=\"657\" src=\"https:\/\/histoire-longpre-lcs.org\/blog-histoire\/wp-content\/uploads\/2023\/09\/papy_appel_service_militaire_1950-1024x657.jpg\" class=\"attachment-large size-large wp-image-3511\" alt=\"La c\u00c3\u00a9l\u00c3\u00a8bre journ\u00c3\u00a9e d&apos;appel du canton en 1950.\" srcset=\"https:\/\/histoire-longpre-lcs.org\/blog-histoire\/wp-content\/uploads\/2023\/09\/papy_appel_service_militaire_1950-1024x657.jpg 1024w, https:\/\/histoire-longpre-lcs.org\/blog-histoire\/wp-content\/uploads\/2023\/09\/papy_appel_service_militaire_1950-300x193.jpg 300w, https:\/\/histoire-longpre-lcs.org\/blog-histoire\/wp-content\/uploads\/2023\/09\/papy_appel_service_militaire_1950-768x493.jpg 768w, https:\/\/histoire-longpre-lcs.org\/blog-histoire\/wp-content\/uploads\/2023\/09\/papy_appel_service_militaire_1950-1536x986.jpg 1536w, https:\/\/histoire-longpre-lcs.org\/blog-histoire\/wp-content\/uploads\/2023\/09\/papy_appel_service_militaire_1950-750x481.jpg 750w, https:\/\/histoire-longpre-lcs.org\/blog-histoire\/wp-content\/uploads\/2023\/09\/papy_appel_service_militaire_1950-600x385.jpg 600w, https:\/\/histoire-longpre-lcs.org\/blog-histoire\/wp-content\/uploads\/2023\/09\/papy_appel_service_militaire_1950.jpg 1608w\" sizes=\"(max-width: 1024px) 100vw, 1024px\" \/>\t\t\t\t\t\t\t\t<\/a>\n\t\t\t\t\t\t\t\t\t\t\t<figcaption class=\"widget-image-caption wp-caption-text\">La c\u00c3\u00a9l\u00c3\u00a8bre journ\u00c3\u00a9e d'appel du canton en 1950.<\/figcaption>\n\t\t\t\t\t\t\t\t\t\t<\/figure>\n\t\t\t\t\t\t\t\t\t<\/div>\n\t\t\t\t<\/div>\n\t\t\t\t<div class=\"elementor-element elementor-element-3b557f31 elementor-widget elementor-widget-image\" data-id=\"3b557f31\" data-element_type=\"widget\" data-e-type=\"widget\" data-widget_type=\"image.default\">\n\t\t\t\t<div class=\"elementor-widget-container\">\n\t\t\t\t\t\t\t\t\t\t\t\t\t\t\t\t<a href=\"https:\/\/histoiredelongprelcs.org\/blog-histoire\/wp-content\/uploads\/2023\/09\/papy_appel_service_militaire_1950-numerote.jpg\" data-elementor-open-lightbox=\"yes\" data-elementor-lightbox-title=\"papy_appel_service_militaire_1950-num\u00c3\u00a9rot\u00c3\u00a9\" data-elementor-lightbox-description=\"La c\u00c3\u00a9l\u00c3\u00a8bre journ\u00c3\u00a9e d&#039;appel du canton en 1950.\" data-e-action-hash=\"#elementor-action%3Aaction%3Dlightbox%26settings%3DeyJpZCI6MzUxMiwidXJsIjoiaHR0cHM6XC9cL2hpc3RvaXJlLWxvbmdwcmUtbGNzLm9yZ1wvYmxvZy1oaXN0b2lyZVwvd3AtY29udGVudFwvdXBsb2Fkc1wvMjAyM1wvMDlcL3BhcHlfYXBwZWxfc2VydmljZV9taWxpdGFpcmVfMTk1MC1udW1lcm90ZS5qcGcifQ%3D%3D\" target=\"_blank\" rel=\"noopener\">\n\t\t\t\t\t\t\t<img decoding=\"async\" width=\"1024\" height=\"657\" src=\"https:\/\/histoire-longpre-lcs.org\/blog-histoire\/wp-content\/uploads\/2023\/09\/papy_appel_service_militaire_1950-numerote-1024x657.jpg\" class=\"attachment-large size-large wp-image-3512\" alt=\"La c\u00c3\u00a9l\u00c3\u00a8bre journ\u00c3\u00a9e d&apos;appel du canton en 1950.\" srcset=\"https:\/\/histoire-longpre-lcs.org\/blog-histoire\/wp-content\/uploads\/2023\/09\/papy_appel_service_militaire_1950-numerote-1024x657.jpg 1024w, https:\/\/histoire-longpre-lcs.org\/blog-histoire\/wp-content\/uploads\/2023\/09\/papy_appel_service_militaire_1950-numerote-300x193.jpg 300w, https:\/\/histoire-longpre-lcs.org\/blog-histoire\/wp-content\/uploads\/2023\/09\/papy_appel_service_militaire_1950-numerote-768x493.jpg 768w, https:\/\/histoire-longpre-lcs.org\/blog-histoire\/wp-content\/uploads\/2023\/09\/papy_appel_service_militaire_1950-numerote-1536x986.jpg 1536w, https:\/\/histoire-longpre-lcs.org\/blog-histoire\/wp-content\/uploads\/2023\/09\/papy_appel_service_militaire_1950-numerote-750x481.jpg 750w, https:\/\/histoire-longpre-lcs.org\/blog-histoire\/wp-content\/uploads\/2023\/09\/papy_appel_service_militaire_1950-numerote-600x385.jpg 600w, https:\/\/histoire-longpre-lcs.org\/blog-histoire\/wp-content\/uploads\/2023\/09\/papy_appel_service_militaire_1950-numerote.jpg 1608w\" sizes=\"(max-width: 1024px) 100vw, 1024px\" \/>\t\t\t\t\t\t\t\t<\/a>\n\t\t\t\t\t\t\t\t\t\t\t\t\t\t\t<\/div>\n\t\t\t\t<\/div>\n\t\t\t\t<div class=\"elementor-element elementor-element-4112ab4c elementor-widget elementor-widget-heading\" data-id=\"4112ab4c\" data-element_type=\"widget\" data-e-type=\"widget\" data-widget_type=\"heading.default\">\n\t\t\t\t<div class=\"elementor-widget-container\">\n\t\t\t\t\t<h4 class=\"elementor-heading-title elementor-size-default\">Photo archive de : Inconnue, les noms par le groupe Facebook.<\/h4>\t\t\t\t<\/div>\n\t\t\t\t<\/div>\n\t\t\t\t<div class=\"elementor-element elementor-element-14bc2ec elementor-widget elementor-widget-heading\" data-id=\"14bc2ec\" data-element_type=\"widget\" data-e-type=\"widget\" data-widget_type=\"heading.default\">\n\t\t\t\t<div class=\"elementor-widget-container\">\n\t\t\t\t\t<h2 class=\"elementor-heading-title elementor-size-default\"><span class=\"ez-toc-section\" id=\"Qui_sont_ces_personnes_attention_ils_ne_pas_tous_Longiprate\"><\/span>Qui sont ces personnes ? attention, ils ne pas tous Longiprate<span class=\"ez-toc-section-end\"><\/span><\/h2>\t\t\t\t<\/div>\n\t\t\t\t<\/div>\n\t\t\t\t<section class=\"elementor-section elementor-inner-section elementor-element elementor-element-95520ee elementor-section-boxed elementor-section-height-default elementor-section-height-default\" data-id=\"95520ee\" data-element_type=\"section\" data-e-type=\"section\">\n\t\t\t\t\t\t<div class=\"elementor-container elementor-column-gap-default\">\n\t\t\t\t\t<div class=\"elementor-column elementor-col-50 elementor-inner-column elementor-element elementor-element-2550151\" data-id=\"2550151\" data-element_type=\"column\" data-e-type=\"column\">\n\t\t\t<div class=\"elementor-widget-wrap elementor-element-populated\">\n\t\t\t\t\t\t<div class=\"elementor-element elementor-element-b548fe2 elementor-widget elementor-widget-text-editor\" data-id=\"b548fe2\" data-element_type=\"widget\" data-e-type=\"widget\" data-widget_type=\"text-editor.default\">\n\t\t\t\t<div class=\"elementor-widget-container\">\n\t\t\t\t\t\t\t\t\t<p><strong>1.&nbsp; &nbsp; Georges Deguisne<\/strong><br><strong>2.&nbsp; &nbsp; M. Daveluy<\/strong><br><strong>3.<\/strong><br><strong>4.<\/strong><br><strong>5.<\/strong><br><strong>6.&nbsp; &nbsp; Roger Faillu<\/strong><br><strong>7.<\/strong><br><strong>8.&nbsp; &nbsp; Roger Pl\u00e9<\/strong><br><strong>9.&nbsp; &nbsp; Ernest Deraing dit Tchot Main<\/strong><br><strong>10.<\/strong><br><strong>11.<\/strong><br><strong>12.<\/strong><br><strong>13.<\/strong><br><strong>14.<\/strong><br><strong>15.<\/strong><br><strong>16.&nbsp; Dany Chamu<\/strong><br><strong>17.<\/strong><br><strong>18.&nbsp; Christian Gauduin dit Tchot Ri<\/strong><br><strong>19.<\/strong><br><strong>20.&nbsp; Nicolas Pr\u00e9vost<\/strong><br><strong>21.<\/strong><br><strong>22.<\/strong><br><strong>23.&nbsp; Le p\u00e8re Jourdain<\/strong><\/p>\t\t\t\t\t\t\t\t<\/div>\n\t\t\t\t<\/div>\n\t\t\t\t\t<\/div>\n\t\t<\/div>\n\t\t\t\t<div class=\"elementor-column elementor-col-50 elementor-inner-column elementor-element elementor-element-345563f\" data-id=\"345563f\" data-element_type=\"column\" data-e-type=\"column\">\n\t\t\t<div class=\"elementor-widget-wrap elementor-element-populated\">\n\t\t\t\t\t\t<div class=\"elementor-element elementor-element-49867bc elementor-widget elementor-widget-text-editor\" data-id=\"49867bc\" data-element_type=\"widget\" data-e-type=\"widget\" data-widget_type=\"text-editor.default\">\n\t\t\t\t<div class=\"elementor-widget-container\">\n\t\t\t\t\t\t\t\t\t<p><strong>24.&nbsp; Michel Jourdain<\/strong><br><strong>25.&nbsp; Maurice Jourdain<\/strong><br><strong>26.&nbsp; Lucien Pr\u00e9vost<\/strong><br><strong>27.&nbsp; Bernard Prudhomme<\/strong><br><strong>28.<\/strong><br><strong>29.&nbsp; Guy Cornu<\/strong><br><strong>30.<\/strong><br><strong>31.&nbsp; Guy Croutte<\/strong><br><strong>32.<\/strong><br><strong>33.<\/strong><br><strong>34.<\/strong><br><strong>35.<\/strong><br><strong>36.<\/strong><br><strong>37.&nbsp; M. Faloise<\/strong><br><strong>38.<\/strong><br><strong>39.<\/strong><br><strong>40.&nbsp; Camille Duclos<\/strong><br><strong>41.&nbsp; M. Fl\u00fbte<\/strong><br><strong>42.<\/strong><br><strong>43.&nbsp; Marceau Drouart dit P\u00e9pino<\/strong><br><strong>44.<\/strong><br><strong>45.&nbsp; Georges Bailly<\/strong><\/p>\t\t\t\t\t\t\t\t<\/div>\n\t\t\t\t<\/div>\n\t\t\t\t\t<\/div>\n\t\t<\/div>\n\t\t\t\t\t<\/div>\n\t\t<\/section>\n\t\t\t\t<div class=\"elementor-element elementor-element-5252f701 elementor-widget elementor-widget-text-editor\" data-id=\"5252f701\" data-element_type=\"widget\" data-e-type=\"widget\" data-widget_type=\"text-editor.default\">\n\t\t\t\t<div class=\"elementor-widget-container\">\n\t\t\t\t\t\t\t\t\t<p><strong>Si vous reconnaissez quelq&rsquo;un sur cette photo, indiquez le num\u00e9ro et le nom\u00a0 et pr\u00e9nom en dessous dans les commentaires. Merci par avance.<\/strong><\/p>\t\t\t\t\t\t\t\t<\/div>\n\t\t\t\t<\/div>\n\t\t\t\t<div class=\"elementor-element elementor-element-19335049 elementor-widget elementor-widget-text-editor\" data-id=\"19335049\" data-element_type=\"widget\" data-e-type=\"widget\" data-widget_type=\"text-editor.default\">\n\t\t\t\t<div class=\"elementor-widget-container\">\n\t\t\t\t\t\t\t\t\t<p><strong>Si vous avez en votre possession des photos anciennes d&rsquo;\u00e9quipes de sports, de r\u00e9unions officielles, de photos de classes, de f\u00eates collectives de Longpr\u00e9 les Corps Saint ou concernant notre ville.<\/strong><br \/><strong>Contactez-moi \u00e0 cette adresse : <a href=\"mailto:asp.longiprate@gmail.com\">asp.longiprate@gmail.com<\/a><\/strong><br \/><strong>Nous vous en remercierons par avance et vous permettrez \u00e0 tous d&rsquo;y retrouver peut-\u00eatre un proche ou ami (e).<\/strong><\/p>\t\t\t\t\t\t\t\t<\/div>\n\t\t\t\t<\/div>\n\t\t\t\t\t<\/div>\n\t\t<\/div>\n\t\t\t\t\t<\/div>\n\t\t<\/section>\n\t\t\t\t<\/div>\n\t\t","protected":false},"excerpt":{"rendered":"<p>Le c\u00e9l\u00e8bre conseil de r\u00e9vision du canton en 1950.<\/p>\n","protected":false},"author":1,"featured_media":3512,"comment_status":"open","ping_status":"open","sticky":false,"template":"","format":"standard","meta":{"_uag_custom_page_level_css":"","_EventAllDay":false,"_EventTimezone":"","_EventStartDate":"","_EventEndDate":"","_EventStartDateUTC":"","_EventEndDateUTC":"","_EventShowMap":false,"_EventShowMapLink":false,"_EventURL":"","_EventCost":"","_EventCostDescription":"","_EventCurrencySymbol":"","_EventCurrencyCode":"","_EventCurrencyPosition":"","_EventDateTimeSeparator":"","_EventTimeRangeSeparator":"","_EventOrganizerID":[],"_EventVenueID":[],"_OrganizerEmail":"","_OrganizerPhone":"","_OrganizerWebsite":"","_VenueAddress":"","_VenueCity":"","_VenueCountry":"","_VenueProvince":"","_VenueState":"","_VenueZip":"","_VenuePhone":"","_VenueURL":"","_VenueStateProvince":"","_VenueLat":"","_VenueLng":"","_VenueShowMap":false,"_VenueShowMapLink":false,"_kadence_starter_templates_imported_post":false,"_kad_post_transparent":"","_kad_post_title":"","_kad_post_layout":"right","_kad_post_sidebar_id":"","_kad_post_content_style":"","_kad_post_vertical_padding":"","_kad_post_feature":"","_kad_post_feature_position":"","_kad_post_header":false,"_kad_post_footer":false,"_kad_post_classname":"","footnotes":""},"categories":[35,37],"tags":[190,237,227,192],"class_list":["post-3510","post","type-post","status-publish","format-standard","has-post-thumbnail","hentry","category-avis-recherches","category-non-classe","tag-190","tag-conseil-de-revision-2","tag-longpre-2","tag-service-militaire"],"uagb_featured_image_src":{"full":["https:\/\/histoire-longpre-lcs.org\/blog-histoire\/wp-content\/uploads\/2023\/09\/papy_appel_service_militaire_1950-numerote.jpg",1608,1032,false],"thumbnail":["https:\/\/histoire-longpre-lcs.org\/blog-histoire\/wp-content\/uploads\/2023\/09\/papy_appel_service_militaire_1950-numerote-150x150.jpg",150,150,true],"medium":["https:\/\/histoire-longpre-lcs.org\/blog-histoire\/wp-content\/uploads\/2023\/09\/papy_appel_service_militaire_1950-numerote-300x193.jpg",300,193,true],"medium_large":["https:\/\/histoire-longpre-lcs.org\/blog-histoire\/wp-content\/uploads\/2023\/09\/papy_appel_service_militaire_1950-numerote-768x493.jpg",768,493,true],"large":["https:\/\/histoire-longpre-lcs.org\/blog-histoire\/wp-content\/uploads\/2023\/09\/papy_appel_service_militaire_1950-numerote-1024x657.jpg",1024,657,true],"1536x1536":["https:\/\/histoire-longpre-lcs.org\/blog-histoire\/wp-content\/uploads\/2023\/09\/papy_appel_service_militaire_1950-numerote-1536x986.jpg",1536,986,true],"2048x2048":["https:\/\/histoire-longpre-lcs.org\/blog-histoire\/wp-content\/uploads\/2023\/09\/papy_appel_service_militaire_1950-numerote.jpg",1608,1032,false]},"uagb_author_info":{"display_name":"Zembla-80","author_link":"https:\/\/histoire-longpre-lcs.org\/blog-histoire\/author\/zembla-80\/"},"uagb_comment_info":0,"uagb_excerpt":"Le c\u00e9l\u00e8bre conseil de r\u00e9vision du canton en 1950.","_links":{"self":[{"href":"https:\/\/histoire-longpre-lcs.org\/blog-histoire\/wp-json\/wp\/v2\/posts\/3510","targetHints":{"allow":["GET"]}}],"collection":[{"href":"https:\/\/histoire-longpre-lcs.org\/blog-histoire\/wp-json\/wp\/v2\/posts"}],"about":[{"href":"https:\/\/histoire-longpre-lcs.org\/blog-histoire\/wp-json\/wp\/v2\/types\/post"}],"author":[{"embeddable":true,"href":"https:\/\/histoire-longpre-lcs.org\/blog-histoire\/wp-json\/wp\/v2\/users\/1"}],"replies":[{"embeddable":true,"href":"https:\/\/histoire-longpre-lcs.org\/blog-histoire\/wp-json\/wp\/v2\/comments?post=3510"}],"version-history":[{"count":29,"href":"https:\/\/histoire-longpre-lcs.org\/blog-histoire\/wp-json\/wp\/v2\/posts\/3510\/revisions"}],"predecessor-version":[{"id":5125,"href":"https:\/\/histoire-longpre-lcs.org\/blog-histoire\/wp-json\/wp\/v2\/posts\/3510\/revisions\/5125"}],"wp:featuredmedia":[{"embeddable":true,"href":"https:\/\/histoire-longpre-lcs.org\/blog-histoire\/wp-json\/wp\/v2\/media\/3512"}],"wp:attachment":[{"href":"https:\/\/histoire-longpre-lcs.org\/blog-histoire\/wp-json\/wp\/v2\/media?parent=3510"}],"wp:term":[{"taxonomy":"category","embeddable":true,"href":"https:\/\/histoire-longpre-lcs.org\/blog-histoire\/wp-json\/wp\/v2\/categories?post=3510"},{"taxonomy":"post_tag","embeddable":true,"href":"https:\/\/histoire-longpre-lcs.org\/blog-histoire\/wp-json\/wp\/v2\/tags?post=3510"}],"curies":[{"name":"wp","href":"https:\/\/api.w.org\/{rel}","templated":true}]}}