{"id":3343,"date":"2023-08-28T17:21:18","date_gmt":"2023-08-28T17:21:18","guid":{"rendered":"https:\/\/histoiredelongprelcs.org\/blog-histoire\/?p=3343"},"modified":"2024-02-22T15:33:10","modified_gmt":"2024-02-22T15:33:10","slug":"college-de-longpre-1979","status":"publish","type":"post","link":"https:\/\/histoire-longpre-lcs.org\/blog-histoire\/college-de-longpre-1979\/","title":{"rendered":"Coll\u00e8ge de Longpr\u00e9, 1979"},"content":{"rendered":"\t\t<div data-elementor-type=\"wp-post\" data-elementor-id=\"3343\" class=\"elementor elementor-3343\">\n\t\t\t\t\t\t<section class=\"elementor-section elementor-top-section elementor-element elementor-element-5e6e615e elementor-section-boxed elementor-section-height-default elementor-section-height-default\" data-id=\"5e6e615e\" data-element_type=\"section\" data-e-type=\"section\">\n\t\t\t\t\t\t<div class=\"elementor-container elementor-column-gap-default\">\n\t\t\t\t\t<div class=\"elementor-column elementor-col-100 elementor-top-column elementor-element elementor-element-2b2fefe7\" data-id=\"2b2fefe7\" data-element_type=\"column\" data-e-type=\"column\">\n\t\t\t<div class=\"elementor-widget-wrap elementor-element-populated\">\n\t\t\t\t\t\t<div class=\"elementor-element elementor-element-7a73ac5b elementor-widget elementor-widget-heading\" data-id=\"7a73ac5b\" data-element_type=\"widget\" data-e-type=\"widget\" data-widget_type=\"heading.default\">\n\t\t\t\t<div class=\"elementor-widget-container\">\n\t\t\t\t\t<div id=\"ez-toc-container\" class=\"ez-toc-v2_0_87 counter-hierarchy ez-toc-counter ez-toc-light-blue ez-toc-container-direction\">\n<div class=\"ez-toc-title-container\">\n<p class=\"ez-toc-title\" style=\"cursor:inherit\">Table des mati\u00e9res<\/p>\n<span class=\"ez-toc-title-toggle\"><a href=\"#\" class=\"ez-toc-pull-right ez-toc-btn ez-toc-btn-xs ez-toc-btn-default ez-toc-toggle\" aria-label=\"Toggle Table of Content\"><span class=\"ez-toc-js-icon-con\"><span class=\"\"><span class=\"eztoc-hide\" style=\"display:none;\">Toggle<\/span><span class=\"ez-toc-icon-toggle-span\"><svg style=\"fill: #999;color:#999\" xmlns=\"http:\/\/www.w3.org\/2000\/svg\" class=\"list-377408\" width=\"20px\" height=\"20px\" viewBox=\"0 0 24 24\" fill=\"none\"><path d=\"M6 6H4v2h2V6zm14 0H8v2h12V6zM4 11h2v2H4v-2zm16 0H8v2h12v-2zM4 16h2v2H4v-2zm16 0H8v2h12v-2z\" fill=\"currentColor\"><\/path><\/svg><svg style=\"fill: #999;color:#999\" class=\"arrow-unsorted-368013\" xmlns=\"http:\/\/www.w3.org\/2000\/svg\" width=\"10px\" height=\"10px\" viewBox=\"0 0 24 24\" version=\"1.2\" baseProfile=\"tiny\"><path d=\"M18.2 9.3l-6.2-6.3-6.2 6.3c-.2.2-.3.4-.3.7s.1.5.3.7c.2.2.4.3.7.3h11c.3 0 .5-.1.7-.3.2-.2.3-.5.3-.7s-.1-.5-.3-.7zM5.8 14.7l6.2 6.3 6.2-6.3c.2-.2.3-.5.3-.7s-.1-.5-.3-.7c-.2-.2-.4-.3-.7-.3h-11c-.3 0-.5.1-.7.3-.2.2-.3.5-.3.7s.1.5.3.7z\"\/><\/svg><\/span><\/span><\/span><\/a><\/span><\/div>\n<nav><ul class='ez-toc-list ez-toc-list-level-1 eztoc-toggle-hide-by-default' ><li class='ez-toc-page-1 ez-toc-heading-level-2'><a class=\"ez-toc-link ez-toc-heading-1\" href=\"https:\/\/histoire-longpre-lcs.org\/blog-histoire\/college-de-longpre-1979\/#Histoire_des_ecoles_a_Longpre\" >Histoire des \u00e9coles \u00e0 Longpr\u00e9.<\/a><\/li><li class='ez-toc-page-1 ez-toc-heading-level-2'><a class=\"ez-toc-link ez-toc-heading-2\" href=\"https:\/\/histoire-longpre-lcs.org\/blog-histoire\/college-de-longpre-1979\/#Photo_college_de_Longpre_classe_inconnue_en_1979\" >Photo coll\u00e9ge de  Longpr\u00e9, classe inconnue en 1979<\/a><\/li><li class='ez-toc-page-1 ez-toc-heading-level-2'><a class=\"ez-toc-link ez-toc-heading-3\" href=\"https:\/\/histoire-longpre-lcs.org\/blog-histoire\/college-de-longpre-1979\/#Qui_sont_ces_jeunes_gens\" >Qui sont ces jeunes gens ?<\/a><\/li><\/ul><\/nav><\/div>\n<h2 class=\"elementor-heading-title elementor-size-default\"><span class=\"ez-toc-section\" id=\"Histoire_des_ecoles_a_Longpre\"><\/span>Histoire des \u00e9coles \u00e0 Longpr\u00e9.<span class=\"ez-toc-section-end\"><\/span><\/h2>\t\t\t\t<\/div>\n\t\t\t\t<\/div>\n\t\t\t\t<div class=\"elementor-element elementor-element-33395325 elementor-widget elementor-widget-text-editor\" data-id=\"33395325\" data-element_type=\"widget\" data-e-type=\"widget\" data-widget_type=\"text-editor.default\">\n\t\t\t\t<div class=\"elementor-widget-container\">\n\t\t\t\t\t\t\t\t\t<p><strong>Si vous avez des renseignements sur les \u00e9coles de Longpr\u00e9, date de cr\u00e9ation, des photos, les personnes qui y ont travaill\u00e9, etc&#8230;<\/strong><br \/><strong>Utilisez la boite commentaire pour nous les faire parvenir.<\/strong><br \/><strong>Merci par avance.<\/strong><\/p>\t\t\t\t\t\t\t\t<\/div>\n\t\t\t\t<\/div>\n\t\t\t\t<div class=\"elementor-element elementor-element-5bfee9f2 elementor-widget elementor-widget-heading\" data-id=\"5bfee9f2\" data-element_type=\"widget\" data-e-type=\"widget\" data-widget_type=\"heading.default\">\n\t\t\t\t<div class=\"elementor-widget-container\">\n\t\t\t\t\t<h2 class=\"elementor-heading-title elementor-size-default\"><span class=\"ez-toc-section\" id=\"Photo_college_de_Longpre_classe_inconnue_en_1979\"><\/span>Photo coll\u00e9ge de  Longpr\u00e9, classe inconnue en 1979<span class=\"ez-toc-section-end\"><\/span><\/h2>\t\t\t\t<\/div>\n\t\t\t\t<\/div>\n\t\t\t\t<div class=\"elementor-element elementor-element-47848654 elementor-widget elementor-widget-image\" data-id=\"47848654\" data-element_type=\"widget\" data-e-type=\"widget\" data-widget_type=\"image.default\">\n\t\t\t\t<div class=\"elementor-widget-container\">\n\t\t\t\t\t\t\t\t\t\t\t\t<figure class=\"wp-caption\">\n\t\t\t\t\t\t\t\t\t\t\t<a href=\"https:\/\/histoiredelongprelcs.org\/blog-histoire\/wp-content\/uploads\/2023\/08\/college-longpre-1979-2.webp\" data-elementor-open-lightbox=\"no\" target=\"_blank\" rel=\"noopener\">\n\t\t\t\t\t\t\t<img fetchpriority=\"high\" decoding=\"async\" width=\"750\" height=\"546\" src=\"https:\/\/histoire-longpre-lcs.org\/blog-histoire\/wp-content\/uploads\/2023\/08\/college-longpre-1979-2.webp\" class=\"attachment-large size-large wp-image-3346\" alt=\"Coll\u00c3\u00a8ge de Longpr\u00c3\u00a9, classe inconnue en 1979.\" srcset=\"https:\/\/histoire-longpre-lcs.org\/blog-histoire\/wp-content\/uploads\/2023\/08\/college-longpre-1979-2.webp 750w, https:\/\/histoire-longpre-lcs.org\/blog-histoire\/wp-content\/uploads\/2023\/08\/college-longpre-1979-2-300x218.webp 300w, https:\/\/histoire-longpre-lcs.org\/blog-histoire\/wp-content\/uploads\/2023\/08\/college-longpre-1979-2-600x437.webp 600w\" sizes=\"(max-width: 750px) 100vw, 750px\" \/>\t\t\t\t\t\t\t\t<\/a>\n\t\t\t\t\t\t\t\t\t\t\t<figcaption class=\"widget-image-caption wp-caption-text\">Coll\u00c3\u00a8ge de Longpr\u00c3\u00a9, classe inconnue en 1979.<\/figcaption>\n\t\t\t\t\t\t\t\t\t\t<\/figure>\n\t\t\t\t\t\t\t\t\t<\/div>\n\t\t\t\t<\/div>\n\t\t\t\t<div class=\"elementor-element elementor-element-2ca11437 elementor-widget elementor-widget-image\" data-id=\"2ca11437\" data-element_type=\"widget\" data-e-type=\"widget\" data-widget_type=\"image.default\">\n\t\t\t\t<div class=\"elementor-widget-container\">\n\t\t\t\t\t\t\t\t\t\t\t\t\t\t\t\t<a href=\"https:\/\/histoiredelongprelcs.org\/blog-histoire\/wp-content\/uploads\/2023\/08\/college-longpre-1979-2-numerote.jpg\" data-elementor-open-lightbox=\"yes\" data-elementor-lightbox-title=\"coll\u00c3\u00a9ge longpr\u00c3\u00a9 1979-2-numerote\" data-elementor-lightbox-description=\"Coll\u00c3\u00a8ge de Longpr\u00c3\u00a9, classe inconnue en 1979, num\u00c3\u00a9rot\u00c3\u00a9.\" data-e-action-hash=\"#elementor-action%3Aaction%3Dlightbox%26settings%3DeyJpZCI6MzM0NCwidXJsIjoiaHR0cHM6XC9cL2hpc3RvaXJlLWxvbmdwcmUtbGNzLm9yZ1wvYmxvZy1oaXN0b2lyZVwvd3AtY29udGVudFwvdXBsb2Fkc1wvMjAyM1wvMDhcL2NvbGxlZ2UtbG9uZ3ByZS0xOTc5LTItbnVtZXJvdGUuanBnIn0%3D\" target=\"_blank\" rel=\"noopener\">\n\t\t\t\t\t\t\t<img decoding=\"async\" width=\"750\" height=\"546\" src=\"https:\/\/histoire-longpre-lcs.org\/blog-histoire\/wp-content\/uploads\/2023\/08\/college-longpre-1979-2-numerote.jpg\" class=\"attachment-large size-large wp-image-3344\" alt=\"Coll\u00c3\u00a8ge de Longpr\u00c3\u00a9, classe inconnue en 1979, num\u00c3\u00a9rot\u00c3\u00a9.\" srcset=\"https:\/\/histoire-longpre-lcs.org\/blog-histoire\/wp-content\/uploads\/2023\/08\/college-longpre-1979-2-numerote.jpg 750w, https:\/\/histoire-longpre-lcs.org\/blog-histoire\/wp-content\/uploads\/2023\/08\/college-longpre-1979-2-numerote-300x218.jpg 300w, https:\/\/histoire-longpre-lcs.org\/blog-histoire\/wp-content\/uploads\/2023\/08\/college-longpre-1979-2-numerote-600x437.jpg 600w\" sizes=\"(max-width: 750px) 100vw, 750px\" \/>\t\t\t\t\t\t\t\t<\/a>\n\t\t\t\t\t\t\t\t\t\t\t\t\t\t\t<\/div>\n\t\t\t\t<\/div>\n\t\t\t\t<div class=\"elementor-element elementor-element-17a58882 elementor-widget elementor-widget-heading\" data-id=\"17a58882\" data-element_type=\"widget\" data-e-type=\"widget\" data-widget_type=\"heading.default\">\n\t\t\t\t<div class=\"elementor-widget-container\">\n\t\t\t\t\t<h4 class=\"elementor-heading-title elementor-size-default\"><a href=\"https:\/\/copainsdavant.linternaute.com\/\" target=\"_blank\" rel=\"noopener\">Photo archive de : copains d'avant<\/a><\/h4>\t\t\t\t<\/div>\n\t\t\t\t<\/div>\n\t\t\t\t<div class=\"elementor-element elementor-element-0682e9c elementor-widget elementor-widget-text-editor\" data-id=\"0682e9c\" data-element_type=\"widget\" data-e-type=\"widget\" data-widget_type=\"text-editor.default\">\n\t\t\t\t<div class=\"elementor-widget-container\">\n\t\t\t\t\t\t\t\t\t<p><strong>Indiquer leurs noms, si vous les reconnaissez dans la partie commentaire :\u00a0<\/strong><br \/><strong>Un nom = un num\u00e9ro.<\/strong><br \/><strong>merci beaucoup.<\/strong><br \/><strong>Eric-Adrien Bailly<\/strong><\/p>\t\t\t\t\t\t\t\t<\/div>\n\t\t\t\t<\/div>\n\t\t\t\t<div class=\"elementor-element elementor-element-3021d587 elementor-widget elementor-widget-heading\" data-id=\"3021d587\" data-element_type=\"widget\" data-e-type=\"widget\" data-widget_type=\"heading.default\">\n\t\t\t\t<div class=\"elementor-widget-container\">\n\t\t\t\t\t<h2 class=\"elementor-heading-title elementor-size-default\"><span class=\"ez-toc-section\" id=\"Qui_sont_ces_jeunes_gens\"><\/span>Qui sont ces jeunes gens ?<span class=\"ez-toc-section-end\"><\/span><\/h2>\t\t\t\t<\/div>\n\t\t\t\t<\/div>\n\t\t\t\t<section class=\"elementor-section elementor-inner-section elementor-element elementor-element-4cfd1ab1 elementor-section-boxed elementor-section-height-default elementor-section-height-default\" data-id=\"4cfd1ab1\" data-element_type=\"section\" data-e-type=\"section\">\n\t\t\t\t\t\t<div class=\"elementor-container elementor-column-gap-default\">\n\t\t\t\t\t<div class=\"elementor-column elementor-col-50 elementor-inner-column elementor-element elementor-element-661dc250\" data-id=\"661dc250\" data-element_type=\"column\" data-e-type=\"column\">\n\t\t\t<div class=\"elementor-widget-wrap elementor-element-populated\">\n\t\t\t\t\t\t<div class=\"elementor-element elementor-element-15f56674 elementor-widget elementor-widget-text-editor\" data-id=\"15f56674\" data-element_type=\"widget\" data-e-type=\"widget\" data-widget_type=\"text-editor.default\">\n\t\t\t\t<div class=\"elementor-widget-container\">\n\t\t\t\t\t\t\t\t\t<ul><li><b>1\/\u00a0 \u00a0 Marie-Pierre Thorel<\/b><\/li><li><b>2\/\u00a0 \u00a0 Isabelle Colinet<\/b><\/li><li><b>3\/\u00a0 \u00a0 Sabine Laurent<\/b><\/li><li><b>4\/<\/b><\/li><li><b>5\/<\/b><\/li><li><b>6\/\u00a0 \u00a0 Samuel Rohaut<\/b><\/li><li><b>7\/<\/b><\/li><li><b>8\/\u00a0 \u00a0 Freddy Mellier<\/b><\/li><li><b>9\/<\/b><\/li><li><b>10\/\u00a0 ? Horville<\/b><\/li><li><b>11\/<\/b><\/li><li><b>12\/\u00a0 \u00a0Sylvie Vacavant<\/b><\/li><\/ul>\t\t\t\t\t\t\t\t<\/div>\n\t\t\t\t<\/div>\n\t\t\t\t\t<\/div>\n\t\t<\/div>\n\t\t\t\t<div class=\"elementor-column elementor-col-50 elementor-inner-column elementor-element elementor-element-760824b0\" data-id=\"760824b0\" data-element_type=\"column\" data-e-type=\"column\">\n\t\t\t<div class=\"elementor-widget-wrap elementor-element-populated\">\n\t\t\t\t\t\t<div class=\"elementor-element elementor-element-6ea3fcb8 elementor-widget elementor-widget-text-editor\" data-id=\"6ea3fcb8\" data-element_type=\"widget\" data-e-type=\"widget\" data-widget_type=\"text-editor.default\">\n\t\t\t\t<div class=\"elementor-widget-container\">\n\t\t\t\t\t\t\t\t\t<ul><li><b>13\/\u00a0 \u00a0Eric B\u00e9van<\/b><\/li><li><b>14\/\u00a0 Christelle Bailly<\/b><\/li><li><b>15\/\u00a0 Mireille Bellegueule<\/b><\/li><li><b>16\/\u00a0 \u00a0V\u00e9ronique Deplanque<\/b><\/li><li><b>17\/<\/b><\/li><li><b>18\/\u00a0 \u00a0Mme Boinet<\/b><\/li><li><b>19\/<\/b><\/li><li><b>20\/\u00a0 \u00a0Marie-Pierre Lecat<\/b><\/li><li><b>21\/<\/b><\/li><li><b>22\/\u00a0 Claude Billard<\/b><\/li><li><b>23\/\u00a0 Franck G\u00e9ly<\/b><\/li><li><b>24\/\u00a0 Eric Flament<\/b><\/li><li><strong>25\/\u00a0 Denis Beauvain<\/strong><\/li><\/ul>\t\t\t\t\t\t\t\t<\/div>\n\t\t\t\t<\/div>\n\t\t\t\t\t<\/div>\n\t\t<\/div>\n\t\t\t\t\t<\/div>\n\t\t<\/section>\n\t\t\t\t<div class=\"elementor-element elementor-element-37ed9c0b elementor-widget elementor-widget-text-editor\" data-id=\"37ed9c0b\" data-element_type=\"widget\" data-e-type=\"widget\" data-widget_type=\"text-editor.default\">\n\t\t\t\t<div class=\"elementor-widget-container\">\n\t\t\t\t\t\t\t\t\t<p><strong>Si vous reconnaissez quelqu\u2019un sur cette photo, indiquez le num\u00e9ro et le nom et pr\u00e9nom en dessous dans les commentaires. Merci par avance.<\/strong><\/p>\t\t\t\t\t\t\t\t<\/div>\n\t\t\t\t<\/div>\n\t\t\t\t<div class=\"elementor-element elementor-element-2e741933 elementor-widget elementor-widget-text-editor\" data-id=\"2e741933\" data-element_type=\"widget\" data-e-type=\"widget\" data-widget_type=\"text-editor.default\">\n\t\t\t\t<div class=\"elementor-widget-container\">\n\t\t\t\t\t\t\t\t\t<blockquote><p><b>Si vous avez en votre possession des photos anciennes d&rsquo;\u00e9quipes de sports, de r\u00e9unions officielles, de photos de classes, de f\u00eates collectives de Longpr\u00e9 les Corps Saint ou concernant notre ville.<br \/>Contactez-moi \u00e0 cette adresse : <a href=\"mailto:asp.longiprate@gmail.com\">asp.longiprate@gmail.com<\/a><br \/><\/b><strong>Nous vous en remercierons par avance et vous permettrez \u00e0 tous d&rsquo;y retrouver peut-\u00eatre un proche ou ami (e).<\/strong><\/p><\/blockquote>\t\t\t\t\t\t\t\t<\/div>\n\t\t\t\t<\/div>\n\t\t\t\t\t<\/div>\n\t\t<\/div>\n\t\t\t\t\t<\/div>\n\t\t<\/section>\n\t\t\t\t<\/div>\n\t\t","protected":false},"excerpt":{"rendered":"<p>Coll\u00e8ge de Longpr\u00e9, classe inconnue en 1979.<\/p>\n","protected":false},"author":1,"featured_media":3344,"comment_status":"open","ping_status":"open","sticky":false,"template":"","format":"standard","meta":{"_uag_custom_page_level_css":"","_EventAllDay":false,"_EventTimezone":"","_EventStartDate":"","_EventEndDate":"","_EventStartDateUTC":"","_EventEndDateUTC":"","_EventShowMap":false,"_EventShowMapLink":false,"_EventURL":"","_EventCost":"","_EventCostDescription":"","_EventCurrencySymbol":"","_EventCurrencyCode":"","_EventCurrencyPosition":"","_EventDateTimeSeparator":"","_EventTimeRangeSeparator":"","_EventOrganizerID":[],"_EventVenueID":[],"_OrganizerEmail":"","_OrganizerPhone":"","_OrganizerWebsite":"","_VenueAddress":"","_VenueCity":"","_VenueCountry":"","_VenueProvince":"","_VenueState":"","_VenueZip":"","_VenuePhone":"","_VenueURL":"","_VenueStateProvince":"","_VenueLat":"","_VenueLng":"","_VenueShowMap":false,"_VenueShowMapLink":false,"_kadence_starter_templates_imported_post":false,"_kad_post_transparent":"","_kad_post_title":"","_kad_post_layout":"","_kad_post_sidebar_id":"","_kad_post_content_style":"","_kad_post_vertical_padding":"","_kad_post_feature":"","_kad_post_feature_position":"","_kad_post_header":false,"_kad_post_footer":false,"_kad_post_classname":"","footnotes":""},"categories":[38,35],"tags":[183,81,73,227],"class_list":["post-3343","post","type-post","status-publish","format-standard","has-post-thumbnail","hentry","category-photos-classes","category-avis-recherches","tag-183","tag-classe","tag-enfants","tag-longpre-2"],"uagb_featured_image_src":{"full":["https:\/\/histoire-longpre-lcs.org\/blog-histoire\/wp-content\/uploads\/2023\/08\/college-longpre-1979-2-numerote.jpg",750,546,false],"thumbnail":["https:\/\/histoire-longpre-lcs.org\/blog-histoire\/wp-content\/uploads\/2023\/08\/college-longpre-1979-2-numerote-150x150.jpg",150,150,true],"medium":["https:\/\/histoire-longpre-lcs.org\/blog-histoire\/wp-content\/uploads\/2023\/08\/college-longpre-1979-2-numerote-300x218.jpg",300,218,true],"medium_large":["https:\/\/histoire-longpre-lcs.org\/blog-histoire\/wp-content\/uploads\/2023\/08\/college-longpre-1979-2-numerote.jpg",750,546,false],"large":["https:\/\/histoire-longpre-lcs.org\/blog-histoire\/wp-content\/uploads\/2023\/08\/college-longpre-1979-2-numerote.jpg",750,546,false],"1536x1536":["https:\/\/histoire-longpre-lcs.org\/blog-histoire\/wp-content\/uploads\/2023\/08\/college-longpre-1979-2-numerote.jpg",750,546,false],"2048x2048":["https:\/\/histoire-longpre-lcs.org\/blog-histoire\/wp-content\/uploads\/2023\/08\/college-longpre-1979-2-numerote.jpg",750,546,false]},"uagb_author_info":{"display_name":"Zembla-80","author_link":"https:\/\/histoire-longpre-lcs.org\/blog-histoire\/author\/zembla-80\/"},"uagb_comment_info":0,"uagb_excerpt":"Coll\u00e8ge de Longpr\u00e9, classe inconnue en 1979.","_links":{"self":[{"href":"https:\/\/histoire-longpre-lcs.org\/blog-histoire\/wp-json\/wp\/v2\/posts\/3343","targetHints":{"allow":["GET"]}}],"collection":[{"href":"https:\/\/histoire-longpre-lcs.org\/blog-histoire\/wp-json\/wp\/v2\/posts"}],"about":[{"href":"https:\/\/histoire-longpre-lcs.org\/blog-histoire\/wp-json\/wp\/v2\/types\/post"}],"author":[{"embeddable":true,"href":"https:\/\/histoire-longpre-lcs.org\/blog-histoire\/wp-json\/wp\/v2\/users\/1"}],"replies":[{"embeddable":true,"href":"https:\/\/histoire-longpre-lcs.org\/blog-histoire\/wp-json\/wp\/v2\/comments?post=3343"}],"version-history":[{"count":25,"href":"https:\/\/histoire-longpre-lcs.org\/blog-histoire\/wp-json\/wp\/v2\/posts\/3343\/revisions"}],"predecessor-version":[{"id":5157,"href":"https:\/\/histoire-longpre-lcs.org\/blog-histoire\/wp-json\/wp\/v2\/posts\/3343\/revisions\/5157"}],"wp:featuredmedia":[{"embeddable":true,"href":"https:\/\/histoire-longpre-lcs.org\/blog-histoire\/wp-json\/wp\/v2\/media\/3344"}],"wp:attachment":[{"href":"https:\/\/histoire-longpre-lcs.org\/blog-histoire\/wp-json\/wp\/v2\/media?parent=3343"}],"wp:term":[{"taxonomy":"category","embeddable":true,"href":"https:\/\/histoire-longpre-lcs.org\/blog-histoire\/wp-json\/wp\/v2\/categories?post=3343"},{"taxonomy":"post_tag","embeddable":true,"href":"https:\/\/histoire-longpre-lcs.org\/blog-histoire\/wp-json\/wp\/v2\/tags?post=3343"}],"curies":[{"name":"wp","href":"https:\/\/api.w.org\/{rel}","templated":true}]}}