{"id":2881,"date":"2023-07-03T08:28:43","date_gmt":"2023-07-03T08:28:43","guid":{"rendered":"https:\/\/histoiredelongprelcs.org\/blog-histoire\/?p=2881"},"modified":"2024-02-22T16:13:35","modified_gmt":"2024-02-22T16:13:35","slug":"daniel-sailly-acteur-longiprate","status":"publish","type":"post","link":"https:\/\/histoire-longpre-lcs.org\/blog-histoire\/daniel-sailly-acteur-longiprate\/","title":{"rendered":"Daniel Sailly, acteur Longiprate"},"content":{"rendered":"\t\t<div data-elementor-type=\"wp-post\" data-elementor-id=\"2881\" class=\"elementor elementor-2881\">\n\t\t\t\t\t\t<section class=\"elementor-section elementor-top-section elementor-element elementor-element-03e7b37 elementor-section-boxed elementor-section-height-default elementor-section-height-default\" data-id=\"03e7b37\" data-element_type=\"section\" data-e-type=\"section\">\n\t\t\t\t\t\t<div class=\"elementor-container elementor-column-gap-default\">\n\t\t\t\t\t<div class=\"elementor-column elementor-col-100 elementor-top-column elementor-element elementor-element-8c1e17b\" data-id=\"8c1e17b\" data-element_type=\"column\" data-e-type=\"column\">\n\t\t\t<div class=\"elementor-widget-wrap elementor-element-populated\">\n\t\t\t\t\t\t<div class=\"elementor-element elementor-element-abf6718 elementor-widget elementor-widget-heading\" data-id=\"abf6718\" data-element_type=\"widget\" data-e-type=\"widget\" data-widget_type=\"heading.default\">\n\t\t\t\t<div class=\"elementor-widget-container\">\n\t\t\t\t\t<div id=\"ez-toc-container\" class=\"ez-toc-v2_0_87 counter-hierarchy ez-toc-counter ez-toc-light-blue ez-toc-container-direction\">\n<div class=\"ez-toc-title-container\">\n<p class=\"ez-toc-title\" style=\"cursor:inherit\">Table des mati\u00e9res<\/p>\n<span class=\"ez-toc-title-toggle\"><a href=\"#\" class=\"ez-toc-pull-right ez-toc-btn ez-toc-btn-xs ez-toc-btn-default ez-toc-toggle\" aria-label=\"Toggle Table of Content\"><span class=\"ez-toc-js-icon-con\"><span class=\"\"><span class=\"eztoc-hide\" style=\"display:none;\">Toggle<\/span><span class=\"ez-toc-icon-toggle-span\"><svg style=\"fill: #999;color:#999\" xmlns=\"http:\/\/www.w3.org\/2000\/svg\" class=\"list-377408\" width=\"20px\" height=\"20px\" viewBox=\"0 0 24 24\" fill=\"none\"><path d=\"M6 6H4v2h2V6zm14 0H8v2h12V6zM4 11h2v2H4v-2zm16 0H8v2h12v-2zM4 16h2v2H4v-2zm16 0H8v2h12v-2z\" fill=\"currentColor\"><\/path><\/svg><svg style=\"fill: #999;color:#999\" class=\"arrow-unsorted-368013\" xmlns=\"http:\/\/www.w3.org\/2000\/svg\" width=\"10px\" height=\"10px\" viewBox=\"0 0 24 24\" version=\"1.2\" baseProfile=\"tiny\"><path d=\"M18.2 9.3l-6.2-6.3-6.2 6.3c-.2.2-.3.4-.3.7s.1.5.3.7c.2.2.4.3.7.3h11c.3 0 .5-.1.7-.3.2-.2.3-.5.3-.7s-.1-.5-.3-.7zM5.8 14.7l6.2 6.3 6.2-6.3c.2-.2.3-.5.3-.7s-.1-.5-.3-.7c-.2-.2-.4-.3-.7-.3h-11c-.3 0-.5.1-.7.3-.2.2-.3.5-.3.7s.1.5.3.7z\"\/><\/svg><\/span><\/span><\/span><\/a><\/span><\/div>\n<nav><ul class='ez-toc-list ez-toc-list-level-1 eztoc-toggle-hide-by-default' ><li class='ez-toc-page-1 ez-toc-heading-level-2'><a class=\"ez-toc-link ez-toc-heading-1\" href=\"https:\/\/histoire-longpre-lcs.org\/blog-histoire\/daniel-sailly-acteur-longiprate\/#Daniel_et_Georges_lamitie_loin_des_racines\" >Daniel et Georges, l'amiti\u00e9 loin des racines.<\/a><ul class='ez-toc-list-level-3' ><li class='ez-toc-heading-level-3'><a class=\"ez-toc-link ez-toc-heading-2\" href=\"https:\/\/histoire-longpre-lcs.org\/blog-histoire\/daniel-sailly-acteur-longiprate\/#3_photographies_de_Georges_Bailly_et_Daniel_Sailly_a_Dakar_au_Senegal\" >3 photographies de Georges Bailly et Daniel Sailly \u00e0 Dakar au S\u00e9n\u00e9gal<\/a><\/li><\/ul><\/li><li class='ez-toc-page-1 ez-toc-heading-level-2'><a class=\"ez-toc-link ez-toc-heading-3\" href=\"https:\/\/histoire-longpre-lcs.org\/blog-histoire\/daniel-sailly-acteur-longiprate\/#Cest_lhistoire_dun_film\" >C'est l'histoire d'un film.<\/a><\/li><li class='ez-toc-page-1 ez-toc-heading-level-2'><a class=\"ez-toc-link ez-toc-heading-4\" href=\"https:\/\/histoire-longpre-lcs.org\/blog-histoire\/daniel-sailly-acteur-longiprate\/#Cetait_en_1979_en_novembre\" >C'\u00e9tait en 1979, en novembre...<\/a><ul class='ez-toc-list-level-3' ><li class='ez-toc-heading-level-3'><a class=\"ez-toc-link ez-toc-heading-5\" href=\"https:\/\/histoire-longpre-lcs.org\/blog-histoire\/daniel-sailly-acteur-longiprate\/#Souvenirs_dadolescence\" >Souvenirs d'adolescence<\/a><\/li><\/ul><\/li><li class='ez-toc-page-1 ez-toc-heading-level-2'><a class=\"ez-toc-link ez-toc-heading-6\" href=\"https:\/\/histoire-longpre-lcs.org\/blog-histoire\/daniel-sailly-acteur-longiprate\/#LA_FEMME_ENFANT_de_Marie_Billetdoux\" >LA FEMME ENFANT de Marie Billetdoux<\/a><\/li><li class='ez-toc-page-1 ez-toc-heading-level-2'><a class=\"ez-toc-link ez-toc-heading-7\" href=\"https:\/\/histoire-longpre-lcs.org\/blog-histoire\/daniel-sailly-acteur-longiprate\/#Lhistoire_du_film\" >L'histoire du film...<\/a><\/li><li class='ez-toc-page-1 ez-toc-heading-level-2'><a class=\"ez-toc-link ez-toc-heading-8\" href=\"https:\/\/histoire-longpre-lcs.org\/blog-histoire\/daniel-sailly-acteur-longiprate\/#Notre_vedette_locale_et_une_galerie_du_film\" >Notre vedette locale et une galerie du film.<\/a><\/li><\/ul><\/nav><\/div>\n<h2 class=\"elementor-heading-title elementor-size-default\"><span class=\"ez-toc-section\" id=\"Daniel_et_Georges_lamitie_loin_des_racines\"><\/span>Daniel et Georges, l'amiti\u00e9 loin des racines.<span class=\"ez-toc-section-end\"><\/span><\/h2>\t\t\t\t<\/div>\n\t\t\t\t<\/div>\n\t\t\t\t<div class=\"elementor-element elementor-element-7046e98 elementor-widget elementor-widget-text-editor\" data-id=\"7046e98\" data-element_type=\"widget\" data-e-type=\"widget\" data-widget_type=\"text-editor.default\">\n\t\t\t\t<div class=\"elementor-widget-container\">\n\t\t\t\t\t\t\t\t\t<p>M. Daniel Sailly tenait le bar des P\u00eacheurs dans la grande rue, son p\u00e8re avant lui et son fils Jean-Paul encore aujourd&rsquo;hui.<br \/>Mon p\u00e8re Georges Bailly et Daniel, \u00e9taient amis dans leurs jeunesses, ils se sont retrouv\u00e9s en m\u00eame temps \u00e0 Dakar au S\u00e9n\u00e9gal au d\u00e9but des ann\u00e9es 1950, par hasard sans doute<\/p>\t\t\t\t\t\t\t\t<\/div>\n\t\t\t\t<\/div>\n\t\t\t\t\t<\/div>\n\t\t<\/div>\n\t\t\t\t\t<\/div>\n\t\t<\/section>\n\t\t\t\t<section class=\"elementor-section elementor-top-section elementor-element elementor-element-c238330 elementor-section-boxed elementor-section-height-default elementor-section-height-default\" data-id=\"c238330\" data-element_type=\"section\" data-e-type=\"section\">\n\t\t\t\t\t\t<div class=\"elementor-container elementor-column-gap-default\">\n\t\t\t\t\t<div class=\"elementor-column elementor-col-33 elementor-top-column elementor-element elementor-element-317820e\" data-id=\"317820e\" data-element_type=\"column\" data-e-type=\"column\">\n\t\t\t<div class=\"elementor-widget-wrap elementor-element-populated\">\n\t\t\t\t\t\t<div class=\"elementor-element elementor-element-4ed6a12 elementor-widget elementor-widget-image\" data-id=\"4ed6a12\" data-element_type=\"widget\" data-e-type=\"widget\" data-widget_type=\"image.default\">\n\t\t\t\t<div class=\"elementor-widget-container\">\n\t\t\t\t\t\t\t\t\t\t\t\t\t\t\t\t<a href=\"https:\/\/histoiredelongprelcs.org\/blog-histoire\/wp-content\/uploads\/2023\/07\/georges-et-Daniel-Sailly1.png\" data-elementor-open-lightbox=\"yes\" data-elementor-lightbox-title=\"georges et Daniel Sailly1\" data-elementor-lightbox-description=\"Georges Bailly et Daniel Sailly \u00c3\u00a0 Dakar en 1950.\" data-e-action-hash=\"#elementor-action%3Aaction%3Dlightbox%26settings%3DeyJpZCI6Mjg5NCwidXJsIjoiaHR0cHM6XC9cL2hpc3RvaXJlLWxvbmdwcmUtbGNzLm9yZ1wvYmxvZy1oaXN0b2lyZVwvd3AtY29udGVudFwvdXBsb2Fkc1wvMjAyM1wvMDdcL2dlb3JnZXMtZXQtRGFuaWVsLVNhaWxseTEucG5nIn0%3D\" target=\"_blank\" rel=\"noopener\">\n\t\t\t\t\t\t\t<img fetchpriority=\"high\" decoding=\"async\" width=\"204\" height=\"300\" src=\"https:\/\/histoire-longpre-lcs.org\/blog-histoire\/wp-content\/uploads\/2023\/07\/georges-et-Daniel-Sailly1-204x300.png\" class=\"attachment-medium size-medium wp-image-2894\" alt=\"Georges Bailly et Daniel Sailly \u00c3\u00a0 Dakar en 1950.\" srcset=\"https:\/\/histoire-longpre-lcs.org\/blog-histoire\/wp-content\/uploads\/2023\/07\/georges-et-Daniel-Sailly1-204x300.png 204w, https:\/\/histoire-longpre-lcs.org\/blog-histoire\/wp-content\/uploads\/2023\/07\/georges-et-Daniel-Sailly1-600x884.png 600w, https:\/\/histoire-longpre-lcs.org\/blog-histoire\/wp-content\/uploads\/2023\/07\/georges-et-Daniel-Sailly1.png 643w\" sizes=\"(max-width: 204px) 100vw, 204px\" \/>\t\t\t\t\t\t\t\t<\/a>\n\t\t\t\t\t\t\t\t\t\t\t\t\t\t\t<\/div>\n\t\t\t\t<\/div>\n\t\t\t\t\t<\/div>\n\t\t<\/div>\n\t\t\t\t<div class=\"elementor-column elementor-col-33 elementor-top-column elementor-element elementor-element-e36b8b2\" data-id=\"e36b8b2\" data-element_type=\"column\" data-e-type=\"column\">\n\t\t\t<div class=\"elementor-widget-wrap elementor-element-populated\">\n\t\t\t\t\t\t<div class=\"elementor-element elementor-element-eaf2bd9 elementor-widget elementor-widget-image\" data-id=\"eaf2bd9\" data-element_type=\"widget\" data-e-type=\"widget\" data-widget_type=\"image.default\">\n\t\t\t\t<div class=\"elementor-widget-container\">\n\t\t\t\t\t\t\t\t\t\t\t\t\t\t\t\t<a href=\"https:\/\/histoiredelongprelcs.org\/blog-histoire\/wp-content\/uploads\/2023\/07\/georges-et-Daniel-Sailly2.png\" data-elementor-open-lightbox=\"yes\" data-elementor-lightbox-title=\"georges et Daniel Sailly2\" data-elementor-lightbox-description=\"Georges Bailly et Daniel Sailly \u00c3\u00a0 Dakar en 1950.\" data-e-action-hash=\"#elementor-action%3Aaction%3Dlightbox%26settings%3DeyJpZCI6Mjg5NSwidXJsIjoiaHR0cHM6XC9cL2hpc3RvaXJlLWxvbmdwcmUtbGNzLm9yZ1wvYmxvZy1oaXN0b2lyZVwvd3AtY29udGVudFwvdXBsb2Fkc1wvMjAyM1wvMDdcL2dlb3JnZXMtZXQtRGFuaWVsLVNhaWxseTIucG5nIn0%3D\" target=\"_blank\" rel=\"noopener\">\n\t\t\t\t\t\t\t<img decoding=\"async\" width=\"197\" height=\"300\" src=\"https:\/\/histoire-longpre-lcs.org\/blog-histoire\/wp-content\/uploads\/2023\/07\/georges-et-Daniel-Sailly2-197x300.png\" class=\"attachment-medium size-medium wp-image-2895\" alt=\"Georges Bailly et Daniel Sailly \u00c3\u00a0 Dakar en 1950.\" srcset=\"https:\/\/histoire-longpre-lcs.org\/blog-histoire\/wp-content\/uploads\/2023\/07\/georges-et-Daniel-Sailly2-197x300.png 197w, https:\/\/histoire-longpre-lcs.org\/blog-histoire\/wp-content\/uploads\/2023\/07\/georges-et-Daniel-Sailly2-600x913.png 600w, https:\/\/histoire-longpre-lcs.org\/blog-histoire\/wp-content\/uploads\/2023\/07\/georges-et-Daniel-Sailly2.png 628w\" sizes=\"(max-width: 197px) 100vw, 197px\" \/>\t\t\t\t\t\t\t\t<\/a>\n\t\t\t\t\t\t\t\t\t\t\t\t\t\t\t<\/div>\n\t\t\t\t<\/div>\n\t\t\t\t\t<\/div>\n\t\t<\/div>\n\t\t\t\t<div class=\"elementor-column elementor-col-33 elementor-top-column elementor-element elementor-element-5ed13e0\" data-id=\"5ed13e0\" data-element_type=\"column\" data-e-type=\"column\">\n\t\t\t<div class=\"elementor-widget-wrap elementor-element-populated\">\n\t\t\t\t\t\t<div class=\"elementor-element elementor-element-7e36944 elementor-widget elementor-widget-image\" data-id=\"7e36944\" data-element_type=\"widget\" data-e-type=\"widget\" data-widget_type=\"image.default\">\n\t\t\t\t<div class=\"elementor-widget-container\">\n\t\t\t\t\t\t\t\t\t\t\t\t\t\t\t\t<a href=\"https:\/\/histoiredelongprelcs.org\/blog-histoire\/wp-content\/uploads\/2023\/07\/georges-et-Daniel-Sailly3.png\" data-elementor-open-lightbox=\"yes\" data-elementor-lightbox-title=\"georges et Daniel Sailly3\" data-elementor-lightbox-description=\"Georges Bailly et Daniel Sailly \u00c3\u00a0 Dakar en 1950.\" data-e-action-hash=\"#elementor-action%3Aaction%3Dlightbox%26settings%3DeyJpZCI6Mjg5NiwidXJsIjoiaHR0cHM6XC9cL2hpc3RvaXJlLWxvbmdwcmUtbGNzLm9yZ1wvYmxvZy1oaXN0b2lyZVwvd3AtY29udGVudFwvdXBsb2Fkc1wvMjAyM1wvMDdcL2dlb3JnZXMtZXQtRGFuaWVsLVNhaWxseTMucG5nIn0%3D\" target=\"_blank\" rel=\"noopener\">\n\t\t\t\t\t\t\t<img decoding=\"async\" width=\"912\" height=\"646\" src=\"https:\/\/histoire-longpre-lcs.org\/blog-histoire\/wp-content\/uploads\/2023\/07\/georges-et-Daniel-Sailly3.png\" class=\"attachment-large size-large wp-image-2896\" alt=\"Georges Bailly et Daniel Sailly \u00c3\u00a0 Dakar en 1950.\" srcset=\"https:\/\/histoire-longpre-lcs.org\/blog-histoire\/wp-content\/uploads\/2023\/07\/georges-et-Daniel-Sailly3.png 912w, https:\/\/histoire-longpre-lcs.org\/blog-histoire\/wp-content\/uploads\/2023\/07\/georges-et-Daniel-Sailly3-300x213.png 300w, https:\/\/histoire-longpre-lcs.org\/blog-histoire\/wp-content\/uploads\/2023\/07\/georges-et-Daniel-Sailly3-768x544.png 768w, https:\/\/histoire-longpre-lcs.org\/blog-histoire\/wp-content\/uploads\/2023\/07\/georges-et-Daniel-Sailly3-750x531.png 750w, https:\/\/histoire-longpre-lcs.org\/blog-histoire\/wp-content\/uploads\/2023\/07\/georges-et-Daniel-Sailly3-600x425.png 600w\" sizes=\"(max-width: 912px) 100vw, 912px\" \/>\t\t\t\t\t\t\t\t<\/a>\n\t\t\t\t\t\t\t\t\t\t\t\t\t\t\t<\/div>\n\t\t\t\t<\/div>\n\t\t\t\t\t<\/div>\n\t\t<\/div>\n\t\t\t\t\t<\/div>\n\t\t<\/section>\n\t\t\t\t<section class=\"elementor-section elementor-top-section elementor-element elementor-element-f1bb9fc elementor-section-boxed elementor-section-height-default elementor-section-height-default\" data-id=\"f1bb9fc\" data-element_type=\"section\" data-e-type=\"section\">\n\t\t\t\t\t\t<div class=\"elementor-container elementor-column-gap-default\">\n\t\t\t\t\t<div class=\"elementor-column elementor-col-100 elementor-top-column elementor-element elementor-element-ae316e3\" data-id=\"ae316e3\" data-element_type=\"column\" data-e-type=\"column\">\n\t\t\t<div class=\"elementor-widget-wrap elementor-element-populated\">\n\t\t\t\t\t\t<div class=\"elementor-element elementor-element-01fb2e9 elementor-widget elementor-widget-heading\" data-id=\"01fb2e9\" data-element_type=\"widget\" data-e-type=\"widget\" data-widget_type=\"heading.default\">\n\t\t\t\t<div class=\"elementor-widget-container\">\n\t\t\t\t\t<h3 class=\"elementor-heading-title elementor-size-small\"><span class=\"ez-toc-section\" id=\"3_photographies_de_Georges_Bailly_et_Daniel_Sailly_a_Dakar_au_Senegal\"><\/span>3 photographies de Georges Bailly et Daniel Sailly \u00e0 Dakar au S\u00e9n\u00e9gal<span class=\"ez-toc-section-end\"><\/span><\/h3>\t\t\t\t<\/div>\n\t\t\t\t<\/div>\n\t\t\t\t<div class=\"elementor-element elementor-element-308f014 elementor-widget elementor-widget-spacer\" data-id=\"308f014\" data-element_type=\"widget\" data-e-type=\"widget\" data-widget_type=\"spacer.default\">\n\t\t\t\t<div class=\"elementor-widget-container\">\n\t\t\t\t\t\t\t<div class=\"elementor-spacer\">\n\t\t\t<div class=\"elementor-spacer-inner\"><\/div>\n\t\t<\/div>\n\t\t\t\t\t\t<\/div>\n\t\t\t\t<\/div>\n\t\t\t\t<div class=\"elementor-element elementor-element-3f67eb5 elementor-widget elementor-widget-heading\" data-id=\"3f67eb5\" data-element_type=\"widget\" data-e-type=\"widget\" data-widget_type=\"heading.default\">\n\t\t\t\t<div class=\"elementor-widget-container\">\n\t\t\t\t\t<h2 class=\"elementor-heading-title elementor-size-xl\"><span class=\"ez-toc-section\" id=\"Cest_lhistoire_dun_film\"><\/span>C'est l'histoire d'un film.<span class=\"ez-toc-section-end\"><\/span><\/h2>\t\t\t\t<\/div>\n\t\t\t\t<\/div>\n\t\t\t\t<div class=\"elementor-element elementor-element-d10ca9e elementor-widget elementor-widget-heading\" data-id=\"d10ca9e\" data-element_type=\"widget\" data-e-type=\"widget\" data-widget_type=\"heading.default\">\n\t\t\t\t<div class=\"elementor-widget-container\">\n\t\t\t\t\t<h2 class=\"elementor-heading-title elementor-size-default\"><span class=\"ez-toc-section\" id=\"Cetait_en_1979_en_novembre\"><\/span>C'\u00e9tait en 1979, en novembre...<span class=\"ez-toc-section-end\"><\/span><\/h2>\t\t\t\t<\/div>\n\t\t\t\t<\/div>\n\t\t\t\t<div class=\"elementor-element elementor-element-3cbd827 elementor-widget elementor-widget-heading\" data-id=\"3cbd827\" data-element_type=\"widget\" data-e-type=\"widget\" data-widget_type=\"heading.default\">\n\t\t\t\t<div class=\"elementor-widget-container\">\n\t\t\t\t\t<h3 class=\"elementor-heading-title elementor-size-default\"><span class=\"ez-toc-section\" id=\"Souvenirs_dadolescence\"><\/span>Souvenirs d'adolescence  <span class=\"ez-toc-section-end\"><\/span><\/h3>\t\t\t\t<\/div>\n\t\t\t\t<\/div>\n\t\t\t\t<section class=\"elementor-section elementor-inner-section elementor-element elementor-element-db627b5 elementor-section-boxed elementor-section-height-default elementor-section-height-default\" data-id=\"db627b5\" data-element_type=\"section\" data-e-type=\"section\">\n\t\t\t\t\t\t<div class=\"elementor-container elementor-column-gap-default\">\n\t\t\t\t\t<div class=\"elementor-column elementor-col-50 elementor-inner-column elementor-element elementor-element-4522b68\" data-id=\"4522b68\" data-element_type=\"column\" data-e-type=\"column\">\n\t\t\t<div class=\"elementor-widget-wrap elementor-element-populated\">\n\t\t\t\t\t\t<div class=\"elementor-element elementor-element-d02e402 elementor-widget elementor-widget-text-editor\" data-id=\"d02e402\" data-element_type=\"widget\" data-e-type=\"widget\" data-widget_type=\"text-editor.default\">\n\t\t\t\t<div class=\"elementor-widget-container\">\n\t\t\t\t\t\t\t\t\t<p>C\u2019\u00e9tait en 1979 ou d\u00e9but 1980, je travaillais d\u00e9j\u00e0 \u00e0 l&rsquo;h\u00f4tel Picardie. J\u2019\u00e9tais jeune, 15 ou 16 ans, j&rsquo;avais entendu des conversations, un film serait tourn\u00e9 \u00e0 Longpr\u00e9, dans le marais, c&rsquo;\u00e9tait un peu flou et cela ne m&rsquo;int\u00e9ressait pas vraiment, \u00e0 l&rsquo;\u00e9poque le cin\u00e9ma \u00e7a ne voulait pas dire grand-choses pour moi du moins ce n&rsquo;\u00e9tait pas concret.<br \/>Quelques semaines plus tard, la conversation est revenue et je sentais la d\u00e9ception sur Dominique apparemment il n&rsquo;avait pas r\u00e9ussi \u00e0 obtenir la formule h\u00f4teli\u00e8re pour l&rsquo;\u00e9quipe de tournage du film, une vingtaines de personnes a coucher et en restauration, mais aussi une vedette internationale, mais Dominique et Lucien en avait fait leur deuil. Ils allaient aller \u00e0 Cond\u00e9-Folie,je ne sais plus chez qui! Apparemment leur budget \u00e9tait un peu juste.<\/p>\t\t\t\t\t\t\t\t<\/div>\n\t\t\t\t<\/div>\n\t\t\t\t\t<\/div>\n\t\t<\/div>\n\t\t\t\t<div class=\"elementor-column elementor-col-50 elementor-inner-column elementor-element elementor-element-23c7ed5\" data-id=\"23c7ed5\" data-element_type=\"column\" data-e-type=\"column\">\n\t\t\t<div class=\"elementor-widget-wrap elementor-element-populated\">\n\t\t\t\t\t\t<div class=\"elementor-element elementor-element-48f6e8c elementor-widget elementor-widget-image\" data-id=\"48f6e8c\" data-element_type=\"widget\" data-e-type=\"widget\" data-widget_type=\"image.default\">\n\t\t\t\t<div class=\"elementor-widget-container\">\n\t\t\t\t\t\t\t\t\t\t\t\t<figure class=\"wp-caption\">\n\t\t\t\t\t\t\t\t\t\t\t<a href=\"https:\/\/histoiredelongprelcs.org\/blog-histoire\/wp-content\/uploads\/2023\/07\/Hotel-le-Picardie-Maison-Seguin.jpg\" data-elementor-open-lightbox=\"yes\" data-elementor-lightbox-title=\"Hotel le Picardie-Maison Seguin\" data-e-action-hash=\"#elementor-action%3Aaction%3Dlightbox%26settings%3DeyJpZCI6Mjg5MCwidXJsIjoiaHR0cHM6XC9cL2hpc3RvaXJlLWxvbmdwcmUtbGNzLm9yZ1wvYmxvZy1oaXN0b2lyZVwvd3AtY29udGVudFwvdXBsb2Fkc1wvMjAyM1wvMDdcL0hvdGVsLWxlLVBpY2FyZGllLU1haXNvbi1TZWd1aW4uanBnIn0%3D\" target=\"_blank\" rel=\"noopener\">\n\t\t\t\t\t\t\t<img loading=\"lazy\" decoding=\"async\" width=\"300\" height=\"219\" src=\"https:\/\/histoire-longpre-lcs.org\/blog-histoire\/wp-content\/uploads\/2023\/07\/Hotel-le-Picardie-Maison-Seguin-300x219.jpg\" class=\"attachment-medium size-medium wp-image-2890\" alt=\"\" srcset=\"https:\/\/histoire-longpre-lcs.org\/blog-histoire\/wp-content\/uploads\/2023\/07\/Hotel-le-Picardie-Maison-Seguin-300x219.jpg 300w, https:\/\/histoire-longpre-lcs.org\/blog-histoire\/wp-content\/uploads\/2023\/07\/Hotel-le-Picardie-Maison-Seguin.jpg 560w\" sizes=\"(max-width: 300px) 100vw, 300px\" \/>\t\t\t\t\t\t\t\t<\/a>\n\t\t\t\t\t\t\t\t\t\t\t<figcaption class=\"widget-image-caption wp-caption-text\">L'h\u00f4tel Le Picardie en 1980<\/figcaption>\n\t\t\t\t\t\t\t\t\t\t<\/figure>\n\t\t\t\t\t\t\t\t\t<\/div>\n\t\t\t\t<\/div>\n\t\t\t\t\t<\/div>\n\t\t<\/div>\n\t\t\t\t\t<\/div>\n\t\t<\/section>\n\t\t\t\t<section class=\"elementor-section elementor-inner-section elementor-element elementor-element-5528245 elementor-section-boxed elementor-section-height-default elementor-section-height-default\" data-id=\"5528245\" data-element_type=\"section\" data-e-type=\"section\">\n\t\t\t\t\t\t<div class=\"elementor-container elementor-column-gap-default\">\n\t\t\t\t\t<div class=\"elementor-column elementor-col-50 elementor-inner-column elementor-element elementor-element-726f4dc\" data-id=\"726f4dc\" data-element_type=\"column\" data-e-type=\"column\">\n\t\t\t<div class=\"elementor-widget-wrap elementor-element-populated\">\n\t\t\t\t\t\t<div class=\"elementor-element elementor-element-15c9876 elementor-widget elementor-widget-text-editor\" data-id=\"15c9876\" data-element_type=\"widget\" data-e-type=\"widget\" data-widget_type=\"text-editor.default\">\n\t\t\t\t<div class=\"elementor-widget-container\">\n\t\t\t\t\t\t\t\t\t<p>Une fin d&rsquo;apr\u00e8s-midi d&rsquo;hiver, 2 ou 3 jours plus tard, je rentrais du travail, l&rsquo;air \u00e9tait frais et la nuit tombait doucement, du bout de la rue, j&rsquo;ai vue un gros 4&#215;4 gar\u00e9 devant la maison du 17 rue des fusill\u00e9s, je me suis dit, tiens encore un gars en panne.<br \/>Je suis entr\u00e9 dans notre cour et j&rsquo;ai regard\u00e9 machinalement ce bolide qui me paraissait \u00e9norme, il y avait au moins 6 personnes \u00e0 l&rsquo;int\u00e9rieure, il faisait des grands gestes avec leurs bras et 3 personnes en sont sorties, ils parlaient une langue \u00e9trang\u00e8re, il y avait un type blond qui faisait le chef et qui donnait des ordres aux deux autres, il m&rsquo;a regard\u00e9 et est remont\u00e9 dans la voiture.<br \/>Moi le curieux, j&rsquo;ai regard\u00e9 ce qu&rsquo;ils faisaient, en fait ils repartent une roue crev\u00e9e. Ca \u00e0 \u00e9t\u00e9 rapide, ils sont reparti en traversant le passage \u00e0 niveau vers Cond\u00e9.<\/p>\t\t\t\t\t\t\t\t<\/div>\n\t\t\t\t<\/div>\n\t\t\t\t\t<\/div>\n\t\t<\/div>\n\t\t\t\t<div class=\"elementor-column elementor-col-50 elementor-inner-column elementor-element elementor-element-7fd5aa2\" data-id=\"7fd5aa2\" data-element_type=\"column\" data-e-type=\"column\">\n\t\t\t<div class=\"elementor-widget-wrap elementor-element-populated\">\n\t\t\t\t\t\t<div class=\"elementor-element elementor-element-4679162 elementor-widget elementor-widget-text-editor\" data-id=\"4679162\" data-element_type=\"widget\" data-e-type=\"widget\" data-widget_type=\"text-editor.default\">\n\t\t\t\t<div class=\"elementor-widget-container\">\n\t\t\t\t\t\t\t\t\t<p>Le lendemain j&rsquo;ai racont\u00e9 cette histoire \u00e0 Dominique et m&rsquo;a dit que le blond qui baragouin\u00e9 \u00e9tait en fait Klaus Kinsky l&rsquo;acteur avec son \u00e9quipe et qu&rsquo;ils allaient tourn\u00e9 une sc\u00e8ne dans une hutte des marais le lendemain, et que si je voulais il m&rsquo;enmenerais avec lui pour voir \u00e7a, parce que M. Daniel Sailly tournait dans cette sc\u00e8ne avec eux au bout de l&rsquo;\u00e9tang des Trentes.<br \/>Nous y sommes all\u00e9s comme pr\u00e9vus le matin, il faisait froid et l&rsquo;\u00e9tang \u00e9tait gel\u00e9, et je crois qu&rsquo;il \u00e9t\u00e9 tomb\u00e9 de la neige dans la nuit, en fait on a rien vue, et on est repartie parce qu&rsquo;il y avait du travail, le service du midi a pr\u00e9parer.<br \/>Je n&rsquo;ai jamais vue le film, je revois toujours cet instant \u00e9trange, cette voiture \u00e9norme gar\u00e9e devant la maison et ce regard d&rsquo;une vedette sur moi.<\/p>\t\t\t\t\t\t\t\t<\/div>\n\t\t\t\t<\/div>\n\t\t\t\t<div class=\"elementor-element elementor-element-9c4559a elementor-widget elementor-widget-heading\" data-id=\"9c4559a\" data-element_type=\"widget\" data-e-type=\"widget\" data-widget_type=\"heading.default\">\n\t\t\t\t<div class=\"elementor-widget-container\">\n\t\t\t\t\t<h5 class=\"elementor-heading-title elementor-size-small\">Eric-Adrien Bailly<\/h5>\t\t\t\t<\/div>\n\t\t\t\t<\/div>\n\t\t\t\t\t<\/div>\n\t\t<\/div>\n\t\t\t\t\t<\/div>\n\t\t<\/section>\n\t\t\t\t<div class=\"elementor-element elementor-element-b6fc841 elementor-widget elementor-widget-heading\" data-id=\"b6fc841\" data-element_type=\"widget\" data-e-type=\"widget\" data-widget_type=\"heading.default\">\n\t\t\t\t<div class=\"elementor-widget-container\">\n\t\t\t\t\t<h2 class=\"elementor-heading-title elementor-size-default\"><span class=\"ez-toc-section\" id=\"LA_FEMME_ENFANT_de_Marie_Billetdoux\"><\/span>LA FEMME ENFANT de Marie Billetdoux<span class=\"ez-toc-section-end\"><\/span><\/h2>\t\t\t\t<\/div>\n\t\t\t\t<\/div>\n\t\t\t\t<div class=\"elementor-element elementor-element-2eb0948 elementor-widget elementor-widget-heading\" data-id=\"2eb0948\" data-element_type=\"widget\" data-e-type=\"widget\" data-widget_type=\"heading.default\">\n\t\t\t\t<div class=\"elementor-widget-container\">\n\t\t\t\t\t<h4 class=\"elementor-heading-title elementor-size-default\">Film Fran\u00e7ais avec Klaus Kinsky, P\u00e9n\u00e9lope Palmer, Michel Robin et en guest star Daniel Sailly...\nUn certain regard - Festival de Cannes 1980.<\/h4>\t\t\t\t<\/div>\n\t\t\t\t<\/div>\n\t\t\t\t\t<\/div>\n\t\t<\/div>\n\t\t\t\t\t<\/div>\n\t\t<\/section>\n\t\t\t\t<section class=\"elementor-section elementor-top-section elementor-element elementor-element-da41aed elementor-section-boxed elementor-section-height-default elementor-section-height-default\" data-id=\"da41aed\" data-element_type=\"section\" data-e-type=\"section\">\n\t\t\t\t\t\t<div class=\"elementor-container elementor-column-gap-default\">\n\t\t\t\t\t<div class=\"elementor-column elementor-col-50 elementor-top-column elementor-element elementor-element-c730dba\" data-id=\"c730dba\" data-element_type=\"column\" data-e-type=\"column\">\n\t\t\t<div class=\"elementor-widget-wrap elementor-element-populated\">\n\t\t\t\t\t\t<div class=\"elementor-element elementor-element-98d0598 elementor-widget elementor-widget-image\" data-id=\"98d0598\" data-element_type=\"widget\" data-e-type=\"widget\" data-widget_type=\"image.default\">\n\t\t\t\t<div class=\"elementor-widget-container\">\n\t\t\t\t\t\t\t\t\t\t\t\t<figure class=\"wp-caption\">\n\t\t\t\t\t\t\t\t\t\t\t<a href=\"https:\/\/histoiredelongprelcs.org\/blog-histoire\/wp-content\/uploads\/2023\/07\/la-femme-enfant1.jpg\" data-elementor-open-lightbox=\"yes\" data-elementor-lightbox-title=\"la femme enfant1\" data-e-action-hash=\"#elementor-action%3Aaction%3Dlightbox%26settings%3DeyJpZCI6MjkwNywidXJsIjoiaHR0cHM6XC9cL2hpc3RvaXJlLWxvbmdwcmUtbGNzLm9yZ1wvYmxvZy1oaXN0b2lyZVwvd3AtY29udGVudFwvdXBsb2Fkc1wvMjAyM1wvMDdcL2xhLWZlbW1lLWVuZmFudDEuanBnIn0%3D\" target=\"_blank\" rel=\"noopener\">\n\t\t\t\t\t\t\t<img loading=\"lazy\" decoding=\"async\" width=\"221\" height=\"300\" src=\"https:\/\/histoire-longpre-lcs.org\/blog-histoire\/wp-content\/uploads\/2023\/07\/la-femme-enfant1-221x300.jpg\" class=\"attachment-medium size-medium wp-image-2907\" alt=\"Affiche du film &quot;La Femme Enfant&quot; en 1980\" srcset=\"https:\/\/histoire-longpre-lcs.org\/blog-histoire\/wp-content\/uploads\/2023\/07\/la-femme-enfant1-221x300.jpg 221w, https:\/\/histoire-longpre-lcs.org\/blog-histoire\/wp-content\/uploads\/2023\/07\/la-femme-enfant1.jpg 296w\" sizes=\"(max-width: 221px) 100vw, 221px\" \/>\t\t\t\t\t\t\t\t<\/a>\n\t\t\t\t\t\t\t\t\t\t\t<figcaption class=\"widget-image-caption wp-caption-text\">Affiche du film \"La Femme Enfant\" en 1980<\/figcaption>\n\t\t\t\t\t\t\t\t\t\t<\/figure>\n\t\t\t\t\t\t\t\t\t<\/div>\n\t\t\t\t<\/div>\n\t\t\t\t\t<\/div>\n\t\t<\/div>\n\t\t\t\t<div class=\"elementor-column elementor-col-50 elementor-top-column elementor-element elementor-element-c859d95\" data-id=\"c859d95\" data-element_type=\"column\" data-e-type=\"column\">\n\t\t\t<div class=\"elementor-widget-wrap elementor-element-populated\">\n\t\t\t\t\t\t<div class=\"elementor-element elementor-element-35c4d8a elementor-widget elementor-widget-image\" data-id=\"35c4d8a\" data-element_type=\"widget\" data-e-type=\"widget\" data-widget_type=\"image.default\">\n\t\t\t\t<div class=\"elementor-widget-container\">\n\t\t\t\t\t\t\t\t\t\t\t\t<figure class=\"wp-caption\">\n\t\t\t\t\t\t\t\t\t\t\t<a href=\"https:\/\/histoiredelongprelcs.org\/blog-histoire\/wp-content\/uploads\/2023\/07\/La-Femme-enfant-07.jpg\" data-elementor-open-lightbox=\"yes\" data-elementor-lightbox-title=\"La Femme-enfant 07\" data-elementor-lightbox-description=\"Image extraite du film &quot;La Femme Enfant&quot;\" data-e-action-hash=\"#elementor-action%3Aaction%3Dlightbox%26settings%3DeyJpZCI6MjkxMywidXJsIjoiaHR0cHM6XC9cL2hpc3RvaXJlLWxvbmdwcmUtbGNzLm9yZ1wvYmxvZy1oaXN0b2lyZVwvd3AtY29udGVudFwvdXBsb2Fkc1wvMjAyM1wvMDdcL0xhLUZlbW1lLWVuZmFudC0wNy5qcGcifQ%3D%3D\" target=\"_blank\" rel=\"noopener\">\n\t\t\t\t\t\t\t<img loading=\"lazy\" decoding=\"async\" width=\"527\" height=\"341\" src=\"https:\/\/histoire-longpre-lcs.org\/blog-histoire\/wp-content\/uploads\/2023\/07\/La-Femme-enfant-07.jpg\" class=\"attachment-large size-large wp-image-2913\" alt=\"Image extraite du film &quot;La Femme Enfant&quot;\" srcset=\"https:\/\/histoire-longpre-lcs.org\/blog-histoire\/wp-content\/uploads\/2023\/07\/La-Femme-enfant-07.jpg 527w, https:\/\/histoire-longpre-lcs.org\/blog-histoire\/wp-content\/uploads\/2023\/07\/La-Femme-enfant-07-300x194.jpg 300w\" sizes=\"(max-width: 527px) 100vw, 527px\" \/>\t\t\t\t\t\t\t\t<\/a>\n\t\t\t\t\t\t\t\t\t\t\t<figcaption class=\"widget-image-caption wp-caption-text\">Image extraite du film \"La Femme Enfant\"<\/figcaption>\n\t\t\t\t\t\t\t\t\t\t<\/figure>\n\t\t\t\t\t\t\t\t\t<\/div>\n\t\t\t\t<\/div>\n\t\t\t\t\t<\/div>\n\t\t<\/div>\n\t\t\t\t\t<\/div>\n\t\t<\/section>\n\t\t\t\t<section class=\"elementor-section elementor-top-section elementor-element elementor-element-e0fa45b elementor-section-boxed elementor-section-height-default elementor-section-height-default\" data-id=\"e0fa45b\" data-element_type=\"section\" data-e-type=\"section\">\n\t\t\t\t\t\t<div class=\"elementor-container elementor-column-gap-default\">\n\t\t\t\t\t<div class=\"elementor-column elementor-col-100 elementor-top-column elementor-element elementor-element-1248e7f\" data-id=\"1248e7f\" data-element_type=\"column\" data-e-type=\"column\">\n\t\t\t<div class=\"elementor-widget-wrap elementor-element-populated\">\n\t\t\t\t\t\t<div class=\"elementor-element elementor-element-ba703b5 elementor-widget elementor-widget-heading\" data-id=\"ba703b5\" data-element_type=\"widget\" data-e-type=\"widget\" data-widget_type=\"heading.default\">\n\t\t\t\t<div class=\"elementor-widget-container\">\n\t\t\t\t\t<h2 class=\"elementor-heading-title elementor-size-default\"><span class=\"ez-toc-section\" id=\"Lhistoire_du_film\"><\/span>L'histoire du film...<span class=\"ez-toc-section-end\"><\/span><\/h2>\t\t\t\t<\/div>\n\t\t\t\t<\/div>\n\t\t\t\t<div class=\"elementor-element elementor-element-0d9618b elementor-widget elementor-widget-image\" data-id=\"0d9618b\" data-element_type=\"widget\" data-e-type=\"widget\" data-widget_type=\"image.default\">\n\t\t\t\t<div class=\"elementor-widget-container\">\n\t\t\t\t\t\t\t\t\t\t\t\t<figure class=\"wp-caption\">\n\t\t\t\t\t\t\t\t\t\t\t<a href=\"https:\/\/histoiredelongprelcs.org\/blog-histoire\/wp-content\/uploads\/2023\/07\/photo-dentree.png\" data-elementor-open-lightbox=\"yes\" data-elementor-lightbox-title=\"photo d&#039;entr\u00c3\u00a9e\" data-elementor-lightbox-description=\"Image extraite du film &quot;La Femme enfant&quot;\" data-e-action-hash=\"#elementor-action%3Aaction%3Dlightbox%26settings%3DeyJpZCI6MjkxNCwidXJsIjoiaHR0cHM6XC9cL2hpc3RvaXJlLWxvbmdwcmUtbGNzLm9yZ1wvYmxvZy1oaXN0b2lyZVwvd3AtY29udGVudFwvdXBsb2Fkc1wvMjAyM1wvMDdcL3Bob3RvLWRlbnRyZWUucG5nIn0%3D\" target=\"_blank\" rel=\"noopener\">\n\t\t\t\t\t\t\t<img loading=\"lazy\" decoding=\"async\" width=\"340\" height=\"330\" src=\"https:\/\/histoire-longpre-lcs.org\/blog-histoire\/wp-content\/uploads\/2023\/07\/photo-dentree.png\" class=\"attachment-large size-large wp-image-2914\" alt=\"Image extraite du film &quot;La Femme enfant&quot;\" srcset=\"https:\/\/histoire-longpre-lcs.org\/blog-histoire\/wp-content\/uploads\/2023\/07\/photo-dentree.png 340w, https:\/\/histoire-longpre-lcs.org\/blog-histoire\/wp-content\/uploads\/2023\/07\/photo-dentree-300x291.png 300w, https:\/\/histoire-longpre-lcs.org\/blog-histoire\/wp-content\/uploads\/2023\/07\/photo-dentree-50x50.png 50w\" sizes=\"(max-width: 340px) 100vw, 340px\" \/>\t\t\t\t\t\t\t\t<\/a>\n\t\t\t\t\t\t\t\t\t\t\t<figcaption class=\"widget-image-caption wp-caption-text\">Image extraite du film \"La Femme enfant\"<\/figcaption>\n\t\t\t\t\t\t\t\t\t\t<\/figure>\n\t\t\t\t\t\t\t\t\t<\/div>\n\t\t\t\t<\/div>\n\t\t\t\t<section class=\"elementor-section elementor-inner-section elementor-element elementor-element-6788cd9 elementor-section-boxed elementor-section-height-default elementor-section-height-default\" data-id=\"6788cd9\" data-element_type=\"section\" data-e-type=\"section\">\n\t\t\t\t\t\t<div class=\"elementor-container elementor-column-gap-default\">\n\t\t\t\t\t<div class=\"elementor-column elementor-col-50 elementor-inner-column elementor-element elementor-element-be64759\" data-id=\"be64759\" data-element_type=\"column\" data-e-type=\"column\">\n\t\t\t<div class=\"elementor-widget-wrap elementor-element-populated\">\n\t\t\t\t\t\t<div class=\"elementor-element elementor-element-7152de7 elementor-widget elementor-widget-text-editor\" data-id=\"7152de7\" data-element_type=\"widget\" data-e-type=\"widget\" data-widget_type=\"text-editor.default\">\n\t\t\t\t<div class=\"elementor-widget-container\">\n\t\t\t\t\t\t\t\t\t<p>Elisabeth va bient\u00f4t avoir quatorze ans. Ses parents tiennent un salon de coiffure dans un petit village du Nord. Un lien \u00e9trange et secret lie \u00c9lisabeth et Marcel, homme de quarante ans, jardinier du Ch\u00e2teau. Marcel est muet, certains disent aussi simple d\u2019esprit. Tous les matins en cachette, depuis trois ans et demi, \u00c9lisabeth met son r\u00e9veil \u00e0 sonner une heure plus t\u00f4t et passe une heure chez lui avant de se rendre \u00e0 l\u2019\u00e9cole.<br \/>Marcel l\u2019aime du plus lointain de son \u00eatre, il l\u2019admire et la juge bien sup\u00e9rieure \u00e0 lui, ce qui n\u2019exclut pas qu\u2019ils se livrent \u00e0 des jeux amoureux tr\u00e8s particuliers, c\u2019est pour \u00c9lisabeth le prix de la tendresse. Ils se sont cr\u00e9\u00e9s un univers \u00e0 part o\u00f9 la petite fille a tour \u00e0 tour, un r\u00f4le de puissance, d\u2019autorit\u00e9, qui vient calmer chez elle la souffrance caus\u00e9e par l\u2019indiff\u00e9rence de ses parents et de soumission o\u00f9 elle trouve la permission de pleurer, de rire et de se comporter comme une enfant.<br \/><br \/><\/p>\t\t\t\t\t\t\t\t<\/div>\n\t\t\t\t<\/div>\n\t\t\t\t\t<\/div>\n\t\t<\/div>\n\t\t\t\t<div class=\"elementor-column elementor-col-50 elementor-inner-column elementor-element elementor-element-99145fc\" data-id=\"99145fc\" data-element_type=\"column\" data-e-type=\"column\">\n\t\t\t<div class=\"elementor-widget-wrap elementor-element-populated\">\n\t\t\t\t\t\t<div class=\"elementor-element elementor-element-a2ed782 elementor-widget elementor-widget-text-editor\" data-id=\"a2ed782\" data-element_type=\"widget\" data-e-type=\"widget\" data-widget_type=\"text-editor.default\">\n\t\t\t\t<div class=\"elementor-widget-container\">\n\t\t\t\t\t\t\t\t\t<p>\u00ab Il s\u2019agit dans ce film d\u2019un secret de la nuit de l\u2019enfance qu\u2019on ne dit jamais et que la plupart du temps l\u2019on a oubli\u00e9 : un jour dans la brume, une petite fille de onze ans dont les parents r\u00e9servent leur amour et leurs soins \u00e0 leur commerce, rencontre un jardinier de plus de quarante ans qui lui manifeste de l\u2019int\u00e9r\u00eat. L\u2019histoire commence trois ans plus tard. Ce n\u2019est pas du tout, comme beaucoup de films et de livres en ont trait\u00e9, le r\u00e9cit d\u2019une toute jeune fille pour un adulte mais au contraire, de la fin d\u2019une situation ambigu\u00eb qui plaisait \u00e0 la petite lorsqu\u2019elle \u00e9tait enfant et qui \u00e0 pr\u00e9sent, parce qu\u2019elle va devenir jeune fille, lui p\u00e8se et l\u2019effraie. \u00bb Rapha\u00eblle Billetdoux<\/p>\t\t\t\t\t\t\t\t<\/div>\n\t\t\t\t<\/div>\n\t\t\t\t\t<\/div>\n\t\t<\/div>\n\t\t\t\t\t<\/div>\n\t\t<\/section>\n\t\t\t\t<div class=\"elementor-element elementor-element-b8dbe69 elementor-widget elementor-widget-text-editor\" data-id=\"b8dbe69\" data-element_type=\"widget\" data-e-type=\"widget\" data-widget_type=\"text-editor.default\">\n\t\t\t\t<div class=\"elementor-widget-container\">\n\t\t\t\t\t\t\t\t\t<p><a href=\"http:\/\/www.imdb.com\/title\/tt0083933\/\" target=\"_blank\" rel=\"noopener\"><strong><em><b><i>La Femme-enfant<\/i><\/b><\/em><\/strong><\/a>\u00a0est l&rsquo;un de ces films d\u00e9licats et feutr\u00e9s qui s&rsquo;insinuent en vous pour ne plus vous quitter ; mieux qu&rsquo;un chef-d\u2019\u0153uvre, une sorte de petit miracle d&rsquo;\u00e9motion et de justesse, dont chaque \u00e9l\u00e9ment, sans pr\u00e9tendre \u00e0 la perfection, conspire \u00e0 la r\u00e9ussite de l&rsquo;ensemble et poss\u00e8de une qualit\u00e9 d&rsquo;\u00e9vidence d&rsquo;autant plus pr\u00e9gnante que discr\u00e8te.<br \/>Cette belle histoire d&rsquo;amiti\u00e9 entre une fillette solitaire (merveilleuse\u00a0P\u00e9n\u00e9lope PALMER) et un jardinier muet se situe \u00e0 mille lieues des fastidieuses variations sur le th\u00e8me de Lolita. Le film de\u00a0Rapha\u00eble BILLETDOUX, adapt\u00e9 de son propre roman, \u00e9vite tous les pi\u00e8ges de la bluette p\u00e9dophile pour explorer au plus profond le myst\u00e8re d&rsquo;une alchimie entre deux \u00eatres exceptionnellement sensibles et douloureux, \u00e9gar\u00e9s dans un monde qui les d\u00e9daigne autant qu&rsquo;ils s&rsquo;en d\u00e9fient.<\/p><p>Le r\u00f4le du jardinier Marcel est sans conteste l&rsquo;un des plus bouleversants tenus par\u00a0Klaus KINSKI. Pour l&rsquo;occasion, le com\u00e9dien\u00a0<em><i>\u00ab\u00a0renoue avec son pass\u00e9 de mime et \u00e9vite tout effet facile. Pourquoi chargerait-il sa composition alors qu&rsquo;un regard lui suffit pour faire saisir au spectateur tout le chagrin et toute la solitude de cet exil\u00e9 de l&rsquo;amour ?\u00a0 Kinski montre ici de nombreuses facettes de son talent. Tendre et violent, enfantin et grave, innocent et pervers, il est constamment poignant. Du grand art.\u00a0\u00bb\u00a0<\/i><\/em>(Philippe R\u00e8ge, in \u00ab\u00a0Klaus Kinski\u00a0\u00bb, \u00e9ditions Pierre-Marcel Favre, 1987)<br \/>Contrairement \u00e0 l&rsquo;auteur de ces lignes, je ne vois gu\u00e8re de perversion chez le personnage, pas plus que dans ses relations avec la jeune Elizabeth. C&rsquo;est bien au contraire la puret\u00e9 de leur affection qui nous touche aux fibres ; reposant sur une tendresse instinctive, presque animale, o\u00f9 la sensualit\u00e9 est le fruit d&rsquo;un accord imp\u00e9rieux entre deux sensibilit\u00e9s vibrantes plut\u00f4t que d&rsquo;\u00e9lans sexuels, leurs rapports sont d&rsquo;une innocence absolue, presque \u00e9d\u00e9nique, et nous font entrevoir ce que peut \u00eatre l&rsquo;amour saisi \u00e0 la source du c\u0153ur.<\/p><p>Le tournage ne refl\u00e9ta pas une telle harmonie, selon Rapha\u00eblle BILLETDOUX :\u00a0<em><i>\u00ab\u00a0Avec KINSKI, c&rsquo;\u00e9tait un vrai cauchemar. A un moment, j&rsquo;ai eu la tentation d&rsquo;arr\u00eater l\u00e0, ce n&rsquo;\u00e9tait plus possible de continuer le tournage avec lui. Par exemple, lors de la sc\u00e8ne du bain que KINSKI pr\u00e9pare pour la jeune fille : elle \u00e9tait d\u00e9j\u00e0 tr\u00e8s angoiss\u00e9e \u00e0 l&rsquo;id\u00e9e de tourner une sc\u00e8ne nue, m\u00eame tourn\u00e9e de fa\u00e7on tr\u00e8s pudique.\u00a0 J&rsquo;avais r\u00e9duit l&rsquo;\u00e9quipe technique au minimum et r\u00e9gl\u00e9 la sc\u00e8ne de fa\u00e7on \u00e0 ce que KINSKI lui tourne le dos (ainsi qu&rsquo;\u00e0 la cam\u00e9ra), au moment o\u00f9 elle devait entrer dans la baignoire. Il a alors piqu\u00e9 une crise : \u00ab\u00a0Quoi ?! Moi tourner le dos ?! Jamais ! Et puis, je veux la voir toute nue&#8230;\u00a0\u00bb Mais vous savez, KINSKI, c&rsquo;est&#8230; sp\u00e9cial. Je veux dire, il en fait tellement pour \u00eatre d\u00e9testable qu&rsquo;il en devient presque touchant&#8230;\u00a0\u00bb\u00a0<\/i><\/em>(Conf\u00e9rence du Festival Aspect du cin\u00e9ma Fran\u00e7ais &rsquo;80, juin 1980)<br \/>Par la gr\u00e2ce de la mise en sc\u00e8ne, ces tensions ne se per\u00e7oivent jamais dans le film, qui demeure de bout en bout un bijou de subtilit\u00e9 et d&rsquo;atmosph\u00e8re (rarement a-t-on aussi bien film\u00e9 la campagne d\u00e9sol\u00e9e du Nord de la France, ses nuits d\u00e9sertes et ses petits matins brumeux.) Mention sp\u00e9ciale \u00e0 la sublime partition de\u00a0Vladimir COSMA, qui vous hante longtemps apr\u00e8s que se soit effac\u00e9e la derni\u00e8re image.<br \/>Une \u0153uvre pr\u00e9cieuse, dont on regrette am\u00e8rement qu&rsquo;elle soit la seule de son auteure au cin\u00e9ma.<\/p>\t\t\t\t\t\t\t\t<\/div>\n\t\t\t\t<\/div>\n\t\t\t\t<div class=\"elementor-element elementor-element-2c9858b elementor-widget elementor-widget-heading\" data-id=\"2c9858b\" data-element_type=\"widget\" data-e-type=\"widget\" data-widget_type=\"heading.default\">\n\t\t\t\t<div class=\"elementor-widget-container\">\n\t\t\t\t\t<h2 class=\"elementor-heading-title elementor-size-default\"><span class=\"ez-toc-section\" id=\"Notre_vedette_locale_et_une_galerie_du_film\"><\/span>Notre vedette locale et une galerie du film.<span class=\"ez-toc-section-end\"><\/span><\/h2>\t\t\t\t<\/div>\n\t\t\t\t<\/div>\n\t\t\t\t\t<\/div>\n\t\t<\/div>\n\t\t\t\t\t<\/div>\n\t\t<\/section>\n\t\t\t\t<section class=\"elementor-section elementor-top-section elementor-element elementor-element-6dce879 elementor-section-boxed elementor-section-height-default elementor-section-height-default\" data-id=\"6dce879\" data-element_type=\"section\" data-e-type=\"section\">\n\t\t\t\t\t\t<div class=\"elementor-container elementor-column-gap-default\">\n\t\t\t\t\t<div class=\"elementor-column elementor-col-25 elementor-top-column elementor-element elementor-element-b5fdcfe\" data-id=\"b5fdcfe\" data-element_type=\"column\" data-e-type=\"column\">\n\t\t\t<div class=\"elementor-widget-wrap elementor-element-populated\">\n\t\t\t\t\t\t<div class=\"elementor-element elementor-element-538ab0a elementor-widget elementor-widget-image\" data-id=\"538ab0a\" data-element_type=\"widget\" data-e-type=\"widget\" data-widget_type=\"image.default\">\n\t\t\t\t<div class=\"elementor-widget-container\">\n\t\t\t\t\t\t\t\t\t\t\t\t\t\t\t\t<a href=\"https:\/\/histoiredelongprelcs.org\/blog-histoire\/wp-content\/uploads\/2023\/07\/La-Femme-enfant-04.jpg\" data-elementor-open-lightbox=\"yes\" data-elementor-lightbox-title=\"La Femme-enfant 04\" data-e-action-hash=\"#elementor-action%3Aaction%3Dlightbox%26settings%3DeyJpZCI6MjkxNSwidXJsIjoiaHR0cHM6XC9cL2hpc3RvaXJlLWxvbmdwcmUtbGNzLm9yZ1wvYmxvZy1oaXN0b2lyZVwvd3AtY29udGVudFwvdXBsb2Fkc1wvMjAyM1wvMDdcL0xhLUZlbW1lLWVuZmFudC0wNC5qcGcifQ%3D%3D\" target=\"_blank\" rel=\"noopener\">\n\t\t\t\t\t\t\t<img loading=\"lazy\" decoding=\"async\" width=\"526\" height=\"347\" src=\"https:\/\/histoire-longpre-lcs.org\/blog-histoire\/wp-content\/uploads\/2023\/07\/La-Femme-enfant-04.jpg\" class=\"attachment-large size-large wp-image-2915\" alt=\"\" srcset=\"https:\/\/histoire-longpre-lcs.org\/blog-histoire\/wp-content\/uploads\/2023\/07\/La-Femme-enfant-04.jpg 526w, https:\/\/histoire-longpre-lcs.org\/blog-histoire\/wp-content\/uploads\/2023\/07\/La-Femme-enfant-04-300x198.jpg 300w\" sizes=\"(max-width: 526px) 100vw, 526px\" \/>\t\t\t\t\t\t\t\t<\/a>\n\t\t\t\t\t\t\t\t\t\t\t\t\t\t\t<\/div>\n\t\t\t\t<\/div>\n\t\t\t\t\t<\/div>\n\t\t<\/div>\n\t\t\t\t<div class=\"elementor-column elementor-col-25 elementor-top-column elementor-element elementor-element-5035c28\" data-id=\"5035c28\" data-element_type=\"column\" data-e-type=\"column\">\n\t\t\t<div class=\"elementor-widget-wrap elementor-element-populated\">\n\t\t\t\t\t\t<div class=\"elementor-element elementor-element-1e4580a elementor-widget elementor-widget-image\" data-id=\"1e4580a\" data-element_type=\"widget\" data-e-type=\"widget\" data-widget_type=\"image.default\">\n\t\t\t\t<div class=\"elementor-widget-container\">\n\t\t\t\t\t\t\t\t\t\t\t\t\t\t\t\t<a href=\"https:\/\/histoiredelongprelcs.org\/blog-histoire\/wp-content\/uploads\/2023\/07\/La-Femme-enfant-08.jpg\" data-elementor-open-lightbox=\"yes\" data-elementor-lightbox-title=\"La Femme-enfant 08\" data-e-action-hash=\"#elementor-action%3Aaction%3Dlightbox%26settings%3DeyJpZCI6MjkxNiwidXJsIjoiaHR0cHM6XC9cL2hpc3RvaXJlLWxvbmdwcmUtbGNzLm9yZ1wvYmxvZy1oaXN0b2lyZVwvd3AtY29udGVudFwvdXBsb2Fkc1wvMjAyM1wvMDdcL0xhLUZlbW1lLWVuZmFudC0wOC5qcGcifQ%3D%3D\" target=\"_blank\" rel=\"noopener\">\n\t\t\t\t\t\t\t<img loading=\"lazy\" decoding=\"async\" width=\"526\" height=\"346\" src=\"https:\/\/histoire-longpre-lcs.org\/blog-histoire\/wp-content\/uploads\/2023\/07\/La-Femme-enfant-08.jpg\" class=\"attachment-large size-large wp-image-2916\" alt=\"\" srcset=\"https:\/\/histoire-longpre-lcs.org\/blog-histoire\/wp-content\/uploads\/2023\/07\/La-Femme-enfant-08.jpg 526w, https:\/\/histoire-longpre-lcs.org\/blog-histoire\/wp-content\/uploads\/2023\/07\/La-Femme-enfant-08-300x197.jpg 300w\" sizes=\"(max-width: 526px) 100vw, 526px\" \/>\t\t\t\t\t\t\t\t<\/a>\n\t\t\t\t\t\t\t\t\t\t\t\t\t\t\t<\/div>\n\t\t\t\t<\/div>\n\t\t\t\t\t<\/div>\n\t\t<\/div>\n\t\t\t\t<div class=\"elementor-column elementor-col-25 elementor-top-column elementor-element elementor-element-6e4df8a\" data-id=\"6e4df8a\" data-element_type=\"column\" data-e-type=\"column\">\n\t\t\t<div class=\"elementor-widget-wrap elementor-element-populated\">\n\t\t\t\t\t\t<div class=\"elementor-element elementor-element-93a6f41 elementor-widget elementor-widget-image\" data-id=\"93a6f41\" data-element_type=\"widget\" data-e-type=\"widget\" data-widget_type=\"image.default\">\n\t\t\t\t<div class=\"elementor-widget-container\">\n\t\t\t\t\t\t\t\t\t\t\t\t\t\t\t\t<a href=\"https:\/\/histoiredelongprelcs.org\/blog-histoire\/wp-content\/uploads\/2023\/07\/La-Femme-enfant-10.jpg\" data-elementor-open-lightbox=\"yes\" data-elementor-lightbox-title=\"La Femme-enfant 10\" data-e-action-hash=\"#elementor-action%3Aaction%3Dlightbox%26settings%3DeyJpZCI6MjkxNywidXJsIjoiaHR0cHM6XC9cL2hpc3RvaXJlLWxvbmdwcmUtbGNzLm9yZ1wvYmxvZy1oaXN0b2lyZVwvd3AtY29udGVudFwvdXBsb2Fkc1wvMjAyM1wvMDdcL0xhLUZlbW1lLWVuZmFudC0xMC5qcGcifQ%3D%3D\" target=\"_blank\" rel=\"noopener\">\n\t\t\t\t\t\t\t<img loading=\"lazy\" decoding=\"async\" width=\"526\" height=\"348\" src=\"https:\/\/histoire-longpre-lcs.org\/blog-histoire\/wp-content\/uploads\/2023\/07\/La-Femme-enfant-10.jpg\" class=\"attachment-large size-large wp-image-2917\" alt=\"\" srcset=\"https:\/\/histoire-longpre-lcs.org\/blog-histoire\/wp-content\/uploads\/2023\/07\/La-Femme-enfant-10.jpg 526w, https:\/\/histoire-longpre-lcs.org\/blog-histoire\/wp-content\/uploads\/2023\/07\/La-Femme-enfant-10-300x198.jpg 300w\" sizes=\"(max-width: 526px) 100vw, 526px\" \/>\t\t\t\t\t\t\t\t<\/a>\n\t\t\t\t\t\t\t\t\t\t\t\t\t\t\t<\/div>\n\t\t\t\t<\/div>\n\t\t\t\t\t<\/div>\n\t\t<\/div>\n\t\t\t\t<div class=\"elementor-column elementor-col-25 elementor-top-column elementor-element elementor-element-19c4118\" data-id=\"19c4118\" data-element_type=\"column\" data-e-type=\"column\">\n\t\t\t<div class=\"elementor-widget-wrap elementor-element-populated\">\n\t\t\t\t\t\t<div class=\"elementor-element elementor-element-5db14e8 elementor-widget elementor-widget-image\" data-id=\"5db14e8\" data-element_type=\"widget\" data-e-type=\"widget\" data-widget_type=\"image.default\">\n\t\t\t\t<div class=\"elementor-widget-container\">\n\t\t\t\t\t\t\t\t\t\t\t\t\t\t\t\t<a href=\"https:\/\/histoiredelongprelcs.org\/blog-histoire\/wp-content\/uploads\/2023\/07\/La-Femme-enfant-05.jpg\" data-elementor-open-lightbox=\"yes\" data-elementor-lightbox-title=\"La Femme-enfant 05\" data-e-action-hash=\"#elementor-action%3Aaction%3Dlightbox%26settings%3DeyJpZCI6MjkxOCwidXJsIjoiaHR0cHM6XC9cL2hpc3RvaXJlLWxvbmdwcmUtbGNzLm9yZ1wvYmxvZy1oaXN0b2lyZVwvd3AtY29udGVudFwvdXBsb2Fkc1wvMjAyM1wvMDdcL0xhLUZlbW1lLWVuZmFudC0wNS5qcGcifQ%3D%3D\" target=\"_blank\" rel=\"noopener\">\n\t\t\t\t\t\t\t<img loading=\"lazy\" decoding=\"async\" width=\"525\" height=\"348\" src=\"https:\/\/histoire-longpre-lcs.org\/blog-histoire\/wp-content\/uploads\/2023\/07\/La-Femme-enfant-05.jpg\" class=\"attachment-large size-large wp-image-2918\" alt=\"\" srcset=\"https:\/\/histoire-longpre-lcs.org\/blog-histoire\/wp-content\/uploads\/2023\/07\/La-Femme-enfant-05.jpg 525w, https:\/\/histoire-longpre-lcs.org\/blog-histoire\/wp-content\/uploads\/2023\/07\/La-Femme-enfant-05-300x199.jpg 300w\" sizes=\"(max-width: 525px) 100vw, 525px\" \/>\t\t\t\t\t\t\t\t<\/a>\n\t\t\t\t\t\t\t\t\t\t\t\t\t\t\t<\/div>\n\t\t\t\t<\/div>\n\t\t\t\t\t<\/div>\n\t\t<\/div>\n\t\t\t\t\t<\/div>\n\t\t<\/section>\n\t\t\t\t<section class=\"elementor-section elementor-top-section elementor-element elementor-element-d8ecb37 elementor-section-boxed elementor-section-height-default elementor-section-height-default\" data-id=\"d8ecb37\" data-element_type=\"section\" data-e-type=\"section\">\n\t\t\t\t\t\t<div class=\"elementor-container elementor-column-gap-default\">\n\t\t\t\t\t<div class=\"elementor-column elementor-col-100 elementor-top-column elementor-element elementor-element-e6defe7\" data-id=\"e6defe7\" data-element_type=\"column\" data-e-type=\"column\">\n\t\t\t<div class=\"elementor-widget-wrap elementor-element-populated\">\n\t\t\t\t\t\t<div class=\"elementor-element elementor-element-1b147bc elementor-widget elementor-widget-image\" data-id=\"1b147bc\" data-element_type=\"widget\" data-e-type=\"widget\" data-widget_type=\"image.default\">\n\t\t\t\t<div class=\"elementor-widget-container\">\n\t\t\t\t\t\t\t\t\t\t\t\t<figure class=\"wp-caption\">\n\t\t\t\t\t\t\t\t\t\t\t<a href=\"https:\/\/histoiredelongprelcs.org\/blog-histoire\/wp-content\/uploads\/2023\/07\/Paul-Sailly-en-1980-dans-la-femme-enfants.jpg\" data-elementor-open-lightbox=\"yes\" data-elementor-lightbox-title=\"Paul Sailly en 1980 dans la femme enfants\" data-elementor-lightbox-description=\"Paul Sailly dans le film &quot;La femme enfant&quot;\" data-e-action-hash=\"#elementor-action%3Aaction%3Dlightbox%26settings%3DeyJpZCI6Mjg4MiwidXJsIjoiaHR0cHM6XC9cL2hpc3RvaXJlLWxvbmdwcmUtbGNzLm9yZ1wvYmxvZy1oaXN0b2lyZVwvd3AtY29udGVudFwvdXBsb2Fkc1wvMjAyM1wvMDdcL1BhdWwtU2FpbGx5LWVuLTE5ODAtZGFucy1sYS1mZW1tZS1lbmZhbnRzLmpwZyJ9\" target=\"_blank\" rel=\"noopener\">\n\t\t\t\t\t\t\t<img loading=\"lazy\" decoding=\"async\" width=\"1024\" height=\"615\" src=\"https:\/\/histoire-longpre-lcs.org\/blog-histoire\/wp-content\/uploads\/2023\/07\/Paul-Sailly-en-1980-dans-la-femme-enfants-1024x615.jpg\" class=\"attachment-large size-large wp-image-2882\" alt=\"Paul Sailly dans le film &quot;La femme enfant&quot;\" srcset=\"https:\/\/histoire-longpre-lcs.org\/blog-histoire\/wp-content\/uploads\/2023\/07\/Paul-Sailly-en-1980-dans-la-femme-enfants-1024x615.jpg 1024w, https:\/\/histoire-longpre-lcs.org\/blog-histoire\/wp-content\/uploads\/2023\/07\/Paul-Sailly-en-1980-dans-la-femme-enfants-300x180.jpg 300w, https:\/\/histoire-longpre-lcs.org\/blog-histoire\/wp-content\/uploads\/2023\/07\/Paul-Sailly-en-1980-dans-la-femme-enfants-768x461.jpg 768w, https:\/\/histoire-longpre-lcs.org\/blog-histoire\/wp-content\/uploads\/2023\/07\/Paul-Sailly-en-1980-dans-la-femme-enfants-750x450.jpg 750w, https:\/\/histoire-longpre-lcs.org\/blog-histoire\/wp-content\/uploads\/2023\/07\/Paul-Sailly-en-1980-dans-la-femme-enfants-600x360.jpg 600w, https:\/\/histoire-longpre-lcs.org\/blog-histoire\/wp-content\/uploads\/2023\/07\/Paul-Sailly-en-1980-dans-la-femme-enfants.jpg 1338w\" sizes=\"(max-width: 1024px) 100vw, 1024px\" \/>\t\t\t\t\t\t\t\t<\/a>\n\t\t\t\t\t\t\t\t\t\t\t<figcaption class=\"widget-image-caption wp-caption-text\">Daniel sailly dans le film \"La Femme Enfant\"<\/figcaption>\n\t\t\t\t\t\t\t\t\t\t<\/figure>\n\t\t\t\t\t\t\t\t\t<\/div>\n\t\t\t\t<\/div>\n\t\t\t\t\t<\/div>\n\t\t<\/div>\n\t\t\t\t\t<\/div>\n\t\t<\/section>\n\t\t\t\t<\/div>\n\t\t","protected":false},"excerpt":{"rendered":"<p>Paul Sailly, acteur dans le film \u00ab\u00a0La femme enfant\u00a0\u00bb<\/p>\n","protected":false},"author":1,"featured_media":2882,"comment_status":"open","ping_status":"open","sticky":false,"template":"","format":"standard","meta":{"_uag_custom_page_level_css":"","_EventAllDay":false,"_EventTimezone":"","_EventStartDate":"","_EventEndDate":"","_EventStartDateUTC":"","_EventEndDateUTC":"","_EventShowMap":false,"_EventShowMapLink":false,"_EventURL":"","_EventCost":"","_EventCostDescription":"","_EventCurrencySymbol":"","_EventCurrencyCode":"","_EventCurrencyPosition":"","_EventDateTimeSeparator":"","_EventTimeRangeSeparator":"","_EventOrganizerID":[],"_EventVenueID":[0],"_OrganizerEmail":"","_OrganizerPhone":"","_OrganizerWebsite":"","_VenueAddress":"","_VenueCity":"","_VenueCountry":"","_VenueProvince":"","_VenueState":"","_VenueZip":"","_VenuePhone":"","_VenueURL":"","_VenueStateProvince":"","_VenueLat":"","_VenueLng":"","_VenueShowMap":false,"_VenueShowMapLink":false,"_kadence_starter_templates_imported_post":false,"_kad_post_transparent":"","_kad_post_title":"","_kad_post_layout":"right","_kad_post_sidebar_id":"","_kad_post_content_style":"","_kad_post_vertical_padding":"","_kad_post_feature":"","_kad_post_feature_position":"","_kad_post_header":false,"_kad_post_footer":false,"_kad_post_classname":"","footnotes":""},"categories":[47],"tags":[92,247,201,162,161,227],"class_list":["post-2881","post","type-post","status-publish","format-standard","has-post-thumbnail","hentry","category-celebrite","tag-92","tag-cinema-2","tag-daniel-sailly","tag-klaus-kinsky","tag-la-femme-enfant","tag-longpre-2"],"uagb_featured_image_src":{"full":["https:\/\/histoire-longpre-lcs.org\/blog-histoire\/wp-content\/uploads\/2023\/07\/Paul-Sailly-en-1980-dans-la-femme-enfants.jpg",1338,803,false],"thumbnail":["https:\/\/histoire-longpre-lcs.org\/blog-histoire\/wp-content\/uploads\/2023\/07\/Paul-Sailly-en-1980-dans-la-femme-enfants-150x150.jpg",150,150,true],"medium":["https:\/\/histoire-longpre-lcs.org\/blog-histoire\/wp-content\/uploads\/2023\/07\/Paul-Sailly-en-1980-dans-la-femme-enfants-300x180.jpg",300,180,true],"medium_large":["https:\/\/histoire-longpre-lcs.org\/blog-histoire\/wp-content\/uploads\/2023\/07\/Paul-Sailly-en-1980-dans-la-femme-enfants-768x461.jpg",768,461,true],"large":["https:\/\/histoire-longpre-lcs.org\/blog-histoire\/wp-content\/uploads\/2023\/07\/Paul-Sailly-en-1980-dans-la-femme-enfants-1024x615.jpg",1024,615,true],"1536x1536":["https:\/\/histoire-longpre-lcs.org\/blog-histoire\/wp-content\/uploads\/2023\/07\/Paul-Sailly-en-1980-dans-la-femme-enfants.jpg",1338,803,false],"2048x2048":["https:\/\/histoire-longpre-lcs.org\/blog-histoire\/wp-content\/uploads\/2023\/07\/Paul-Sailly-en-1980-dans-la-femme-enfants.jpg",1338,803,false]},"uagb_author_info":{"display_name":"Zembla-80","author_link":"https:\/\/histoire-longpre-lcs.org\/blog-histoire\/author\/zembla-80\/"},"uagb_comment_info":0,"uagb_excerpt":"Paul Sailly, acteur dans le film \"La femme enfant\"","_links":{"self":[{"href":"https:\/\/histoire-longpre-lcs.org\/blog-histoire\/wp-json\/wp\/v2\/posts\/2881","targetHints":{"allow":["GET"]}}],"collection":[{"href":"https:\/\/histoire-longpre-lcs.org\/blog-histoire\/wp-json\/wp\/v2\/posts"}],"about":[{"href":"https:\/\/histoire-longpre-lcs.org\/blog-histoire\/wp-json\/wp\/v2\/types\/post"}],"author":[{"embeddable":true,"href":"https:\/\/histoire-longpre-lcs.org\/blog-histoire\/wp-json\/wp\/v2\/users\/1"}],"replies":[{"embeddable":true,"href":"https:\/\/histoire-longpre-lcs.org\/blog-histoire\/wp-json\/wp\/v2\/comments?post=2881"}],"version-history":[{"count":43,"href":"https:\/\/histoire-longpre-lcs.org\/blog-histoire\/wp-json\/wp\/v2\/posts\/2881\/revisions"}],"predecessor-version":[{"id":5180,"href":"https:\/\/histoire-longpre-lcs.org\/blog-histoire\/wp-json\/wp\/v2\/posts\/2881\/revisions\/5180"}],"wp:featuredmedia":[{"embeddable":true,"href":"https:\/\/histoire-longpre-lcs.org\/blog-histoire\/wp-json\/wp\/v2\/media\/2882"}],"wp:attachment":[{"href":"https:\/\/histoire-longpre-lcs.org\/blog-histoire\/wp-json\/wp\/v2\/media?parent=2881"}],"wp:term":[{"taxonomy":"category","embeddable":true,"href":"https:\/\/histoire-longpre-lcs.org\/blog-histoire\/wp-json\/wp\/v2\/categories?post=2881"},{"taxonomy":"post_tag","embeddable":true,"href":"https:\/\/histoire-longpre-lcs.org\/blog-histoire\/wp-json\/wp\/v2\/tags?post=2881"}],"curies":[{"name":"wp","href":"https:\/\/api.w.org\/{rel}","templated":true}]}}