{"id":2524,"date":"2023-06-19T06:18:53","date_gmt":"2023-06-19T06:18:53","guid":{"rendered":"https:\/\/histoiredelongprelcs.org\/blog-histoire\/?p=2524"},"modified":"2024-03-09T14:59:27","modified_gmt":"2024-03-09T14:59:27","slug":"centre-aere-de-longpre","status":"publish","type":"post","link":"https:\/\/histoire-longpre-lcs.org\/blog-histoire\/centre-aere-de-longpre\/","title":{"rendered":"Centre a\u00e9r\u00e9 \u00e0 Longpr\u00e9"},"content":{"rendered":"\t\t<div data-elementor-type=\"wp-post\" data-elementor-id=\"2524\" class=\"elementor elementor-2524\">\n\t\t\t\t\t\t<section class=\"elementor-section elementor-top-section elementor-element elementor-element-290f6140 elementor-section-boxed elementor-section-height-default elementor-section-height-default\" data-id=\"290f6140\" data-element_type=\"section\" data-e-type=\"section\">\n\t\t\t\t\t\t<div class=\"elementor-container elementor-column-gap-default\">\n\t\t\t\t\t<div class=\"elementor-column elementor-col-100 elementor-top-column elementor-element elementor-element-152faed0\" data-id=\"152faed0\" data-element_type=\"column\" data-e-type=\"column\">\n\t\t\t<div class=\"elementor-widget-wrap elementor-element-populated\">\n\t\t\t\t\t\t<div class=\"elementor-element elementor-element-4116e764 elementor-widget elementor-widget-heading\" data-id=\"4116e764\" data-element_type=\"widget\" data-e-type=\"widget\" data-widget_type=\"heading.default\">\n\t\t\t\t<div class=\"elementor-widget-container\">\n\t\t\t\t\t<div id=\"ez-toc-container\" class=\"ez-toc-v2_0_87 counter-hierarchy ez-toc-counter ez-toc-light-blue ez-toc-container-direction\">\n<div class=\"ez-toc-title-container\">\n<p class=\"ez-toc-title\" style=\"cursor:inherit\">Table des mati\u00e9res<\/p>\n<span class=\"ez-toc-title-toggle\"><a href=\"#\" class=\"ez-toc-pull-right ez-toc-btn ez-toc-btn-xs ez-toc-btn-default ez-toc-toggle\" aria-label=\"Toggle Table of Content\"><span class=\"ez-toc-js-icon-con\"><span class=\"\"><span class=\"eztoc-hide\" style=\"display:none;\">Toggle<\/span><span class=\"ez-toc-icon-toggle-span\"><svg style=\"fill: #999;color:#999\" xmlns=\"http:\/\/www.w3.org\/2000\/svg\" class=\"list-377408\" width=\"20px\" height=\"20px\" viewBox=\"0 0 24 24\" fill=\"none\"><path d=\"M6 6H4v2h2V6zm14 0H8v2h12V6zM4 11h2v2H4v-2zm16 0H8v2h12v-2zM4 16h2v2H4v-2zm16 0H8v2h12v-2z\" fill=\"currentColor\"><\/path><\/svg><svg style=\"fill: #999;color:#999\" class=\"arrow-unsorted-368013\" xmlns=\"http:\/\/www.w3.org\/2000\/svg\" width=\"10px\" height=\"10px\" viewBox=\"0 0 24 24\" version=\"1.2\" baseProfile=\"tiny\"><path d=\"M18.2 9.3l-6.2-6.3-6.2 6.3c-.2.2-.3.4-.3.7s.1.5.3.7c.2.2.4.3.7.3h11c.3 0 .5-.1.7-.3.2-.2.3-.5.3-.7s-.1-.5-.3-.7zM5.8 14.7l6.2 6.3 6.2-6.3c.2-.2.3-.5.3-.7s-.1-.5-.3-.7c-.2-.2-.4-.3-.7-.3h-11c-.3 0-.5.1-.7.3-.2.2-.3.5-.3.7s.1.5.3.7z\"\/><\/svg><\/span><\/span><\/span><\/a><\/span><\/div>\n<nav><ul class='ez-toc-list ez-toc-list-level-1 eztoc-toggle-hide-by-default' ><li class='ez-toc-page-1 ez-toc-heading-level-2'><a class=\"ez-toc-link ez-toc-heading-1\" href=\"https:\/\/histoire-longpre-lcs.org\/blog-histoire\/centre-aere-de-longpre\/#Le_centre_aere_en_1980\" >Le centre a\u00e9r\u00e9 en 1980<\/a><\/li><li class='ez-toc-page-1 ez-toc-heading-level-2'><a class=\"ez-toc-link ez-toc-heading-2\" href=\"https:\/\/histoire-longpre-lcs.org\/blog-histoire\/centre-aere-de-longpre\/#Qui_sont_ces_enfants\" >Qui sont ces enfants ?<\/a><\/li><\/ul><\/nav><\/div>\n<h2 class=\"elementor-heading-title elementor-size-default\"><span class=\"ez-toc-section\" id=\"Le_centre_aere_en_1980\"><\/span>Le centre a\u00e9r\u00e9 en 1980<span class=\"ez-toc-section-end\"><\/span><\/h2>\t\t\t\t<\/div>\n\t\t\t\t<\/div>\n\t\t\t\t<div class=\"elementor-element elementor-element-326d25d elementor-widget elementor-widget-text-editor\" data-id=\"326d25d\" data-element_type=\"widget\" data-e-type=\"widget\" data-widget_type=\"text-editor.default\">\n\t\t\t\t<div class=\"elementor-widget-container\">\n\t\t\t\t\t\t\t\t\t<p><strong>Cette photo \u00e0 \u00e9t\u00e9 prise au d\u00e9but des ann\u00e9es 1980, devant la maison de la famille Dezenclos, rue de l&rsquo;ancienne gare.<\/strong><\/p>\t\t\t\t\t\t\t\t<\/div>\n\t\t\t\t<\/div>\n\t\t\t\t<div class=\"elementor-element elementor-element-d60a427 elementor-widget elementor-widget-image\" data-id=\"d60a427\" data-element_type=\"widget\" data-e-type=\"widget\" data-widget_type=\"image.default\">\n\t\t\t\t<div class=\"elementor-widget-container\">\n\t\t\t\t\t\t\t\t\t\t\t\t<figure class=\"wp-caption\">\n\t\t\t\t\t\t\t\t\t\t\t<a href=\"https:\/\/histoiredelongprelcs.org\/blog-histoire\/wp-content\/uploads\/2023\/06\/165300034_1099563893898167_6815243896622805006_n.jpg\" data-elementor-open-lightbox=\"yes\" data-elementor-lightbox-title=\"165300034_1099563893898167_6815243896622805006_n\" data-elementor-lightbox-description=\"Centre a\u00c3\u00a9r\u00c3\u00a9 \u00c3\u00a0 Longpr\u00c3\u00a9 dans les ann\u00c3\u00a9es 1980.\" data-e-action-hash=\"#elementor-action%3Aaction%3Dlightbox%26settings%3DeyJpZCI6MjUyNywidXJsIjoiaHR0cHM6XC9cL2hpc3RvaXJlLWxvbmdwcmUtbGNzLm9yZ1wvYmxvZy1oaXN0b2lyZVwvd3AtY29udGVudFwvdXBsb2Fkc1wvMjAyM1wvMDZcLzE2NTMwMDAzNF8xMDk5NTYzODkzODk4MTY3XzY4MTUyNDM4OTY2MjI4MDUwMDZfbi5qcGcifQ%3D%3D\" target=\"_blank\" rel=\"noopener\">\n\t\t\t\t\t\t\t<img decoding=\"async\" src=\"https:\/\/histoire-longpre-lcs.org\/blog-histoire\/wp-content\/uploads\/2023\/06\/165300034_1099563893898167_6815243896622805006_n.jpg\" title=\"165300034_1099563893898167_6815243896622805006_n\" alt=\"Centre a\u00e9r\u00e9 \u00e0 Longpr\u00e9 dans les ann\u00e9es 1980.\" loading=\"lazy\" \/>\t\t\t\t\t\t\t\t<\/a>\n\t\t\t\t\t\t\t\t\t\t\t<figcaption class=\"widget-image-caption wp-caption-text\">Centre a\u00e9r\u00e9 \u00e0 Longpr\u00e9 dans les ann\u00e9es 1980.<\/figcaption>\n\t\t\t\t\t\t\t\t\t\t<\/figure>\n\t\t\t\t\t\t\t\t\t<\/div>\n\t\t\t\t<\/div>\n\t\t\t\t<div class=\"elementor-element elementor-element-18584de1 elementor-widget elementor-widget-image\" data-id=\"18584de1\" data-element_type=\"widget\" data-e-type=\"widget\" data-widget_type=\"image.default\">\n\t\t\t\t<div class=\"elementor-widget-container\">\n\t\t\t\t\t\t\t\t\t\t\t\t<figure class=\"wp-caption\">\n\t\t\t\t\t\t\t\t\t\t\t<a href=\"https:\/\/histoiredelongprelcs.org\/blog-histoire\/wp-content\/uploads\/2023\/06\/165300034_1099563893898167_6815243896622805006_n-numerote.jpg\" data-elementor-open-lightbox=\"yes\" data-elementor-lightbox-title=\"165300034_1099563893898167_6815243896622805006_n-num\u00c3\u00a9rot\u00c3\u00a9\" data-elementor-lightbox-description=\"Centre a\u00c3\u00a9r\u00c3\u00a9 \u00c3\u00a0 Longpr\u00c3\u00a9 dans les ann\u00c3\u00a9es 1980-num\u00c3\u00a9rot\u00c3\u00a9.\" data-e-action-hash=\"#elementor-action%3Aaction%3Dlightbox%26settings%3DeyJpZCI6MjUyNSwidXJsIjoiaHR0cHM6XC9cL2hpc3RvaXJlLWxvbmdwcmUtbGNzLm9yZ1wvYmxvZy1oaXN0b2lyZVwvd3AtY29udGVudFwvdXBsb2Fkc1wvMjAyM1wvMDZcLzE2NTMwMDAzNF8xMDk5NTYzODkzODk4MTY3XzY4MTUyNDM4OTY2MjI4MDUwMDZfbi1udW1lcm90ZS5qcGcifQ%3D%3D\" target=\"_blank\" rel=\"noopener\">\n\t\t\t\t\t\t\t<img fetchpriority=\"high\" decoding=\"async\" width=\"989\" height=\"1024\" src=\"https:\/\/histoire-longpre-lcs.org\/blog-histoire\/wp-content\/uploads\/2023\/06\/165300034_1099563893898167_6815243896622805006_n-numerote-989x1024.jpg\" class=\"attachment-large size-large wp-image-2525\" alt=\"Centre a\u00c3\u00a9r\u00c3\u00a9 \u00c3\u00a0 Longpr\u00c3\u00a9 dans les ann\u00c3\u00a9es 1980-num\u00c3\u00a9rot\u00c3\u00a9.\" srcset=\"https:\/\/histoire-longpre-lcs.org\/blog-histoire\/wp-content\/uploads\/2023\/06\/165300034_1099563893898167_6815243896622805006_n-numerote-989x1024.jpg 989w, https:\/\/histoire-longpre-lcs.org\/blog-histoire\/wp-content\/uploads\/2023\/06\/165300034_1099563893898167_6815243896622805006_n-numerote-290x300.jpg 290w, https:\/\/histoire-longpre-lcs.org\/blog-histoire\/wp-content\/uploads\/2023\/06\/165300034_1099563893898167_6815243896622805006_n-numerote-768x795.jpg 768w, https:\/\/histoire-longpre-lcs.org\/blog-histoire\/wp-content\/uploads\/2023\/06\/165300034_1099563893898167_6815243896622805006_n-numerote-1484x1536.jpg 1484w, https:\/\/histoire-longpre-lcs.org\/blog-histoire\/wp-content\/uploads\/2023\/06\/165300034_1099563893898167_6815243896622805006_n-numerote-750x777.jpg 750w, https:\/\/histoire-longpre-lcs.org\/blog-histoire\/wp-content\/uploads\/2023\/06\/165300034_1099563893898167_6815243896622805006_n-numerote-600x621.jpg 600w, https:\/\/histoire-longpre-lcs.org\/blog-histoire\/wp-content\/uploads\/2023\/06\/165300034_1099563893898167_6815243896622805006_n-numerote.jpg 1809w\" sizes=\"(max-width: 989px) 100vw, 989px\" \/>\t\t\t\t\t\t\t\t<\/a>\n\t\t\t\t\t\t\t\t\t\t\t<figcaption class=\"widget-image-caption wp-caption-text\">Centre a\u00c3\u00a9r\u00c3\u00a9 \u00c3\u00a0 Longpr\u00c3\u00a9 dans les ann\u00c3\u00a9es 1980-num\u00c3\u00a9rot\u00c3\u00a9.<\/figcaption>\n\t\t\t\t\t\t\t\t\t\t<\/figure>\n\t\t\t\t\t\t\t\t\t<\/div>\n\t\t\t\t<\/div>\n\t\t\t\t<div class=\"elementor-element elementor-element-12028cfe elementor-widget elementor-widget-heading\" data-id=\"12028cfe\" data-element_type=\"widget\" data-e-type=\"widget\" data-widget_type=\"heading.default\">\n\t\t\t\t<div class=\"elementor-widget-container\">\n\t\t\t\t\t<h4 class=\"elementor-heading-title elementor-size-default\">Photo archive de : Marie-No\u00eblle Dezenclos, sa m\u00e9moire pour les noms.<\/h4>\t\t\t\t<\/div>\n\t\t\t\t<\/div>\n\t\t\t\t<div class=\"elementor-element elementor-element-67d9f3ee elementor-widget elementor-widget-heading\" data-id=\"67d9f3ee\" data-element_type=\"widget\" data-e-type=\"widget\" data-widget_type=\"heading.default\">\n\t\t\t\t<div class=\"elementor-widget-container\">\n\t\t\t\t\t<h2 class=\"elementor-heading-title elementor-size-default\"><span class=\"ez-toc-section\" id=\"Qui_sont_ces_enfants\"><\/span>Qui sont ces enfants ?<span class=\"ez-toc-section-end\"><\/span><\/h2>\t\t\t\t<\/div>\n\t\t\t\t<\/div>\n\t\t\t\t<section class=\"elementor-section elementor-inner-section elementor-element elementor-element-c369044 elementor-section-boxed elementor-section-height-default elementor-section-height-default\" data-id=\"c369044\" data-element_type=\"section\" data-e-type=\"section\">\n\t\t\t\t\t\t<div class=\"elementor-container elementor-column-gap-default\">\n\t\t\t\t\t<div class=\"elementor-column elementor-col-50 elementor-inner-column elementor-element elementor-element-e4afd3f\" data-id=\"e4afd3f\" data-element_type=\"column\" data-e-type=\"column\">\n\t\t\t<div class=\"elementor-widget-wrap elementor-element-populated\">\n\t\t\t\t\t\t<div class=\"elementor-element elementor-element-1bc8fe8d elementor-widget elementor-widget-text-editor\" data-id=\"1bc8fe8d\" data-element_type=\"widget\" data-e-type=\"widget\" data-widget_type=\"text-editor.default\">\n\t\t\t\t<div class=\"elementor-widget-container\">\n\t\t\t\t\t\t\t\t\t<ul><li><b>1\/\u00a0 \u00a0 Martine Lef\u00e9fbre<\/b><\/li><li><b>2\/\u00a0 \u00a0 David Charpentier<\/b><\/li><li><b>3\/\u00a0 \u00a0 No\u00ebl Sellier<\/b><\/li><li><b>4\/<\/b><\/li><li><b>5\/\u00a0 \u00a0\u00a0<\/b><b>Nathalie Becheran<\/b><\/li><li><b>6\/<\/b><\/li><li><b>7\/\u00a0 \u00a0 Anne-Violaine Jost\u00a0\u00a0<\/b><\/li><li><b>8\/<\/b><\/li><li><b>9\/<\/b><\/li><li><b>10\/<\/b><\/li><li><b>11\/\u00a0 Dany Grebet<\/b><\/li><li><b>12\/<\/b><\/li><\/ul><div>\u00a0<\/div>\t\t\t\t\t\t\t\t<\/div>\n\t\t\t\t<\/div>\n\t\t\t\t\t<\/div>\n\t\t<\/div>\n\t\t\t\t<div class=\"elementor-column elementor-col-50 elementor-inner-column elementor-element elementor-element-e05bb9c\" data-id=\"e05bb9c\" data-element_type=\"column\" data-e-type=\"column\">\n\t\t\t<div class=\"elementor-widget-wrap elementor-element-populated\">\n\t\t\t\t\t\t<div class=\"elementor-element elementor-element-ee4db9a elementor-widget elementor-widget-text-editor\" data-id=\"ee4db9a\" data-element_type=\"widget\" data-e-type=\"widget\" data-widget_type=\"text-editor.default\">\n\t\t\t\t<div class=\"elementor-widget-container\">\n\t\t\t\t\t\t\t\t\t<ul><li><strong>13\/<\/strong><\/li><li><strong>14\/\u00a0\u00a0<\/strong><\/li><li><strong>15\/\u00a0 Estelle Godet<\/strong><\/li><li><strong>16\/<\/strong><\/li><li><strong>17\/\u00a0 Isabelle Bailly<\/strong><\/li><li><strong>18\/\u00a0 Corine Olen<\/strong><\/li><li><strong>19\/\u00a0 Isabelle Debray<\/strong><\/li><li><strong>20\/<\/strong><\/li><li><strong>21\/<\/strong><\/li><li><strong>22\/\u00a0 <\/strong><strong>Th\u00e9r\u00e9se Dezenclos<\/strong><\/li><li><strong>23\/\u00a0 Paule Delannoy<\/strong><\/li><li><strong>24\/\u00a0\u00a0<\/strong><strong>B\u00e9atrice Coyette<\/strong><\/li><li><strong>25\/\u00a0\u00a0<\/strong><\/li><\/ul>\t\t\t\t\t\t\t\t<\/div>\n\t\t\t\t<\/div>\n\t\t\t\t\t<\/div>\n\t\t<\/div>\n\t\t\t\t\t<\/div>\n\t\t<\/section>\n\t\t\t\t<div class=\"elementor-element elementor-element-fa19926 elementor-widget elementor-widget-text-editor\" data-id=\"fa19926\" data-element_type=\"widget\" data-e-type=\"widget\" data-widget_type=\"text-editor.default\">\n\t\t\t\t<div class=\"elementor-widget-container\">\n\t\t\t\t\t\t\t\t\t<p><strong>Si vous reconnaissez quelq&rsquo;un sur cette photo, indiquez le num\u00e9ro et le nom\u00a0 et pr\u00e9nom en dessous dans les commentaires. Merci par avance.<\/strong><\/p>\t\t\t\t\t\t\t\t<\/div>\n\t\t\t\t<\/div>\n\t\t\t\t<div class=\"elementor-element elementor-element-13998bd8 elementor-widget elementor-widget-text-editor\" data-id=\"13998bd8\" data-element_type=\"widget\" data-e-type=\"widget\" data-widget_type=\"text-editor.default\">\n\t\t\t\t<div class=\"elementor-widget-container\">\n\t\t\t\t\t\t\t\t\t<p><strong>Si vous avez en votre possession des photos anciennes d&rsquo;\u00e9quipes de sports, de r\u00e9unions officielles, de photos de classes, de f\u00eates collectives de Longpr\u00e9 les Corps Saint ou concernant notre ville.<\/strong><br \/><strong>Contactez-moi \u00e0 cette adresse : <a href=\"mailto:asp.longiprate@gmail.com\">asp.longiprate@gmail.com<\/a><\/strong><br \/><strong>Nous vous en remercierons par avance et vous permettrez \u00e0 tous d&rsquo;y retrouver peut-\u00eatre un proche ou ami (e).<\/strong><\/p>\t\t\t\t\t\t\t\t<\/div>\n\t\t\t\t<\/div>\n\t\t\t\t\t<\/div>\n\t\t<\/div>\n\t\t\t\t\t<\/div>\n\t\t<\/section>\n\t\t\t\t<\/div>\n\t\t","protected":false},"excerpt":{"rendered":"<p>Centre a\u00e9r\u00e9 \u00e0 Longpr\u00e9 dans les ann\u00e9es 1980. Photo rue de l&rsquo;ancienne gare.<\/p>\n","protected":false},"author":1,"featured_media":2525,"comment_status":"open","ping_status":"open","sticky":false,"template":"","format":"standard","meta":{"_uag_custom_page_level_css":"","_EventAllDay":false,"_EventTimezone":"","_EventStartDate":"","_EventEndDate":"","_EventStartDateUTC":"","_EventEndDateUTC":"","_EventShowMap":false,"_EventShowMapLink":false,"_EventURL":"","_EventCost":"","_EventCostDescription":"","_EventCurrencySymbol":"","_EventCurrencyCode":"","_EventCurrencyPosition":"","_EventDateTimeSeparator":"","_EventTimeRangeSeparator":"","_EventOrganizerID":[],"_EventVenueID":[0],"_OrganizerEmail":"","_OrganizerPhone":"","_OrganizerWebsite":"","_VenueAddress":"","_VenueCity":"","_VenueCountry":"","_VenueProvince":"","_VenueState":"","_VenueZip":"","_VenuePhone":"","_VenueURL":"","_VenueStateProvince":"","_VenueLat":"","_VenueLng":"","_VenueShowMap":false,"_VenueShowMapLink":false,"_kadence_starter_templates_imported_post":false,"_kad_post_transparent":"","_kad_post_title":"","_kad_post_layout":"right","_kad_post_sidebar_id":"sidebar-primary","_kad_post_content_style":"","_kad_post_vertical_padding":"","_kad_post_feature":"","_kad_post_feature_position":"","_kad_post_header":false,"_kad_post_footer":false,"_kad_post_classname":"","footnotes":""},"categories":[37,35],"tags":[76,73,227],"class_list":["post-2524","post","type-post","status-publish","format-standard","has-post-thumbnail","hentry","category-non-classe","category-avis-recherches","tag-centre-aere","tag-enfants","tag-longpre-2"],"uagb_featured_image_src":{"full":["https:\/\/histoire-longpre-lcs.org\/blog-histoire\/wp-content\/uploads\/2023\/06\/165300034_1099563893898167_6815243896622805006_n-numerote.jpg",1809,1873,false],"thumbnail":["https:\/\/histoire-longpre-lcs.org\/blog-histoire\/wp-content\/uploads\/2023\/06\/165300034_1099563893898167_6815243896622805006_n-numerote-150x150.jpg",150,150,true],"medium":["https:\/\/histoire-longpre-lcs.org\/blog-histoire\/wp-content\/uploads\/2023\/06\/165300034_1099563893898167_6815243896622805006_n-numerote-290x300.jpg",290,300,true],"medium_large":["https:\/\/histoire-longpre-lcs.org\/blog-histoire\/wp-content\/uploads\/2023\/06\/165300034_1099563893898167_6815243896622805006_n-numerote-768x795.jpg",768,795,true],"large":["https:\/\/histoire-longpre-lcs.org\/blog-histoire\/wp-content\/uploads\/2023\/06\/165300034_1099563893898167_6815243896622805006_n-numerote-989x1024.jpg",989,1024,true],"1536x1536":["https:\/\/histoire-longpre-lcs.org\/blog-histoire\/wp-content\/uploads\/2023\/06\/165300034_1099563893898167_6815243896622805006_n-numerote-1484x1536.jpg",1484,1536,true],"2048x2048":["https:\/\/histoire-longpre-lcs.org\/blog-histoire\/wp-content\/uploads\/2023\/06\/165300034_1099563893898167_6815243896622805006_n-numerote.jpg",1809,1873,false]},"uagb_author_info":{"display_name":"Zembla-80","author_link":"https:\/\/histoire-longpre-lcs.org\/blog-histoire\/author\/zembla-80\/"},"uagb_comment_info":0,"uagb_excerpt":"Centre a\u00e9r\u00e9 \u00e0 Longpr\u00e9 dans les ann\u00e9es 1980. Photo rue de l'ancienne gare.","_links":{"self":[{"href":"https:\/\/histoire-longpre-lcs.org\/blog-histoire\/wp-json\/wp\/v2\/posts\/2524","targetHints":{"allow":["GET"]}}],"collection":[{"href":"https:\/\/histoire-longpre-lcs.org\/blog-histoire\/wp-json\/wp\/v2\/posts"}],"about":[{"href":"https:\/\/histoire-longpre-lcs.org\/blog-histoire\/wp-json\/wp\/v2\/types\/post"}],"author":[{"embeddable":true,"href":"https:\/\/histoire-longpre-lcs.org\/blog-histoire\/wp-json\/wp\/v2\/users\/1"}],"replies":[{"embeddable":true,"href":"https:\/\/histoire-longpre-lcs.org\/blog-histoire\/wp-json\/wp\/v2\/comments?post=2524"}],"version-history":[{"count":40,"href":"https:\/\/histoire-longpre-lcs.org\/blog-histoire\/wp-json\/wp\/v2\/posts\/2524\/revisions"}],"predecessor-version":[{"id":5531,"href":"https:\/\/histoire-longpre-lcs.org\/blog-histoire\/wp-json\/wp\/v2\/posts\/2524\/revisions\/5531"}],"wp:featuredmedia":[{"embeddable":true,"href":"https:\/\/histoire-longpre-lcs.org\/blog-histoire\/wp-json\/wp\/v2\/media\/2525"}],"wp:attachment":[{"href":"https:\/\/histoire-longpre-lcs.org\/blog-histoire\/wp-json\/wp\/v2\/media?parent=2524"}],"wp:term":[{"taxonomy":"category","embeddable":true,"href":"https:\/\/histoire-longpre-lcs.org\/blog-histoire\/wp-json\/wp\/v2\/categories?post=2524"},{"taxonomy":"post_tag","embeddable":true,"href":"https:\/\/histoire-longpre-lcs.org\/blog-histoire\/wp-json\/wp\/v2\/tags?post=2524"}],"curies":[{"name":"wp","href":"https:\/\/api.w.org\/{rel}","templated":true}]}}