{"id":2453,"date":"2023-06-19T04:39:38","date_gmt":"2023-06-19T04:39:38","guid":{"rendered":"https:\/\/histoiredelongprelcs.org\/blog-histoire\/?p=2453"},"modified":"2024-10-21T10:38:20","modified_gmt":"2024-10-21T10:38:20","slug":"kit-par-defaut-9","status":"publish","type":"post","link":"https:\/\/histoire-longpre-lcs.org\/blog-histoire\/kit-par-defaut-9\/","title":{"rendered":"\u00c9glise Saint Martin"},"content":{"rendered":"\t\t<div data-elementor-type=\"wp-post\" data-elementor-id=\"2453\" class=\"elementor elementor-2453\">\n\t\t\t\t\t\t<section class=\"elementor-section elementor-top-section elementor-element elementor-element-b193027 elementor-section-boxed elementor-section-height-default elementor-section-height-default\" data-id=\"b193027\" data-element_type=\"section\" data-e-type=\"section\">\n\t\t\t\t\t\t<div class=\"elementor-container elementor-column-gap-default\">\n\t\t\t\t\t<div class=\"elementor-column elementor-col-100 elementor-top-column elementor-element elementor-element-3112a44\" data-id=\"3112a44\" data-element_type=\"column\" data-e-type=\"column\">\n\t\t\t<div class=\"elementor-widget-wrap elementor-element-populated\">\n\t\t\t\t\t\t<div class=\"elementor-element elementor-element-a4ac5af elementor-widget elementor-widget-heading\" data-id=\"a4ac5af\" data-element_type=\"widget\" data-e-type=\"widget\" data-widget_type=\"heading.default\">\n\t\t\t\t<div class=\"elementor-widget-container\">\n\t\t\t\t\t<h1 class=\"elementor-heading-title elementor-size-xl\">L'\u00e9glise paroissiale de St Martin <\/h1>\t\t\t\t<\/div>\n\t\t\t\t<\/div>\n\t\t\t\t\t<\/div>\n\t\t<\/div>\n\t\t\t\t\t<\/div>\n\t\t<\/section>\n\t\t\t\t<section class=\"elementor-section elementor-top-section elementor-element elementor-element-e9740af elementor-section-boxed elementor-section-height-default elementor-section-height-default\" data-id=\"e9740af\" data-element_type=\"section\" data-e-type=\"section\">\n\t\t\t\t\t\t<div class=\"elementor-container elementor-column-gap-default\">\n\t\t\t\t\t<div class=\"elementor-column elementor-col-50 elementor-top-column elementor-element elementor-element-1aa9e15\" data-id=\"1aa9e15\" data-element_type=\"column\" data-e-type=\"column\">\n\t\t\t<div class=\"elementor-widget-wrap elementor-element-populated\">\n\t\t\t\t\t\t<div class=\"elementor-element elementor-element-f1ed040 elementor-widget elementor-widget-text-editor\" data-id=\"f1ed040\" data-element_type=\"widget\" data-e-type=\"widget\" data-widget_type=\"text-editor.default\">\n\t\t\t\t<div class=\"elementor-widget-container\">\n\t\t\t\t\t\t\t\t\t<h5>L&rsquo;\u00e9glise de Saint Martin f\u00fbt construite bien avant l&rsquo;an 1190, date a laquelle Al\u00e9aume de Fontaines et Lorette de St Val\u00e9ry ont d\u00e9cid\u00e9 de faire b\u00e2tir la leur, l&rsquo;\u00e9glise St Martin d\u00fb \u00eatre construite entre 400 \u00e0 800, Certainement de style m\u00e9rovingien.<\/h5>\t\t\t\t\t\t\t\t<\/div>\n\t\t\t\t<\/div>\n\t\t\t\t\t<\/div>\n\t\t<\/div>\n\t\t\t\t<div class=\"elementor-column elementor-col-50 elementor-top-column elementor-element elementor-element-f1fb2b8\" data-id=\"f1fb2b8\" data-element_type=\"column\" data-e-type=\"column\">\n\t\t\t<div class=\"elementor-widget-wrap elementor-element-populated\">\n\t\t\t\t\t\t<div class=\"elementor-element elementor-element-a0395e4 elementor-widget elementor-widget-image\" data-id=\"a0395e4\" data-element_type=\"widget\" data-e-type=\"widget\" data-widget_type=\"image.default\">\n\t\t\t\t<div class=\"elementor-widget-container\">\n\t\t\t\t\t\t\t\t\t\t\t\t<figure class=\"wp-caption\">\n\t\t\t\t\t\t\t\t\t\t\t<a href=\"https:\/\/histoiredelongprelcs.org\/blog-histoire\/wp-content\/uploads\/2023\/06\/eglise-merovingienne.jpg\" data-elementor-open-lightbox=\"yes\" data-elementor-lightbox-title=\"Exemple d&#039;\u00e9glise m\u00e9rovingienne.\" data-elementor-lightbox-description=\"Exemple d&#039;\u00e9glise m\u00e9rovingienne.\" data-e-action-hash=\"#elementor-action%3Aaction%3Dlightbox%26settings%3DeyJpZCI6MzkzNiwidXJsIjoiaHR0cHM6XC9cL2hpc3RvaXJlLWxvbmdwcmUtbGNzLm9yZ1wvYmxvZy1oaXN0b2lyZVwvd3AtY29udGVudFwvdXBsb2Fkc1wvMjAyM1wvMDZcL2VnbGlzZS1tZXJvdmluZ2llbm5lLmpwZyJ9\" target=\"_blank\" rel=\"noopener\">\n\t\t\t\t\t\t\t<img fetchpriority=\"high\" decoding=\"async\" width=\"816\" height=\"522\" src=\"https:\/\/histoire-longpre-lcs.org\/blog-histoire\/wp-content\/uploads\/2023\/06\/eglise-merovingienne.jpg\" class=\"attachment-large size-large wp-image-3936\" alt=\"Exemple d&apos;\u00e9glise m\u00e9rovingienne.\" srcset=\"https:\/\/histoire-longpre-lcs.org\/blog-histoire\/wp-content\/uploads\/2023\/06\/eglise-merovingienne.jpg 816w, https:\/\/histoire-longpre-lcs.org\/blog-histoire\/wp-content\/uploads\/2023\/06\/eglise-merovingienne-300x192.jpg 300w, https:\/\/histoire-longpre-lcs.org\/blog-histoire\/wp-content\/uploads\/2023\/06\/eglise-merovingienne-768x491.jpg 768w, https:\/\/histoire-longpre-lcs.org\/blog-histoire\/wp-content\/uploads\/2023\/06\/eglise-merovingienne-750x480.jpg 750w, https:\/\/histoire-longpre-lcs.org\/blog-histoire\/wp-content\/uploads\/2023\/06\/eglise-merovingienne-600x384.jpg 600w\" sizes=\"(max-width: 816px) 100vw, 816px\" \/>\t\t\t\t\t\t\t\t<\/a>\n\t\t\t\t\t\t\t\t\t\t\t<figcaption class=\"widget-image-caption wp-caption-text\">Exemple d'\u00e9glise m\u00e9rovingienne.<\/figcaption>\n\t\t\t\t\t\t\t\t\t\t<\/figure>\n\t\t\t\t\t\t\t\t\t<\/div>\n\t\t\t\t<\/div>\n\t\t\t\t\t<\/div>\n\t\t<\/div>\n\t\t\t\t\t<\/div>\n\t\t<\/section>\n\t\t\t\t<section class=\"elementor-section elementor-top-section elementor-element elementor-element-87f9fbd elementor-section-boxed elementor-section-height-default elementor-section-height-default\" data-id=\"87f9fbd\" data-element_type=\"section\" data-e-type=\"section\">\n\t\t\t\t\t\t<div class=\"elementor-container elementor-column-gap-default\">\n\t\t\t\t\t<div class=\"elementor-column elementor-col-100 elementor-top-column elementor-element elementor-element-7ca14dd\" data-id=\"7ca14dd\" data-element_type=\"column\" data-e-type=\"column\">\n\t\t\t<div class=\"elementor-widget-wrap elementor-element-populated\">\n\t\t\t\t\t\t<div class=\"elementor-element elementor-element-74f4085 elementor-widget elementor-widget-heading\" data-id=\"74f4085\" data-element_type=\"widget\" data-e-type=\"widget\" data-widget_type=\"heading.default\">\n\t\t\t\t<div class=\"elementor-widget-container\">\n\t\t\t\t\t<div id=\"ez-toc-container\" class=\"ez-toc-v2_0_87 counter-hierarchy ez-toc-counter ez-toc-light-blue ez-toc-container-direction\">\n<div class=\"ez-toc-title-container\">\n<p class=\"ez-toc-title\" style=\"cursor:inherit\">Table des mati\u00e8res<\/p>\n<span class=\"ez-toc-title-toggle\"><a href=\"#\" class=\"ez-toc-pull-right ez-toc-btn ez-toc-btn-xs ez-toc-btn-default ez-toc-toggle\" aria-label=\"Toggle Table of Content\"><span class=\"ez-toc-js-icon-con\"><span class=\"\"><span class=\"eztoc-hide\" style=\"display:none;\">Toggle<\/span><span class=\"ez-toc-icon-toggle-span\"><svg style=\"fill: #999;color:#999\" xmlns=\"http:\/\/www.w3.org\/2000\/svg\" class=\"list-377408\" width=\"20px\" height=\"20px\" viewBox=\"0 0 24 24\" fill=\"none\"><path d=\"M6 6H4v2h2V6zm14 0H8v2h12V6zM4 11h2v2H4v-2zm16 0H8v2h12v-2zM4 16h2v2H4v-2zm16 0H8v2h12v-2z\" fill=\"currentColor\"><\/path><\/svg><svg style=\"fill: #999;color:#999\" class=\"arrow-unsorted-368013\" xmlns=\"http:\/\/www.w3.org\/2000\/svg\" width=\"10px\" height=\"10px\" viewBox=\"0 0 24 24\" version=\"1.2\" baseProfile=\"tiny\"><path d=\"M18.2 9.3l-6.2-6.3-6.2 6.3c-.2.2-.3.4-.3.7s.1.5.3.7c.2.2.4.3.7.3h11c.3 0 .5-.1.7-.3.2-.2.3-.5.3-.7s-.1-.5-.3-.7zM5.8 14.7l6.2 6.3 6.2-6.3c.2-.2.3-.5.3-.7s-.1-.5-.3-.7c-.2-.2-.4-.3-.7-.3h-11c-.3 0-.5.1-.7.3-.2.2-.3.5-.3.7s.1.5.3.7z\"\/><\/svg><\/span><\/span><\/span><\/a><\/span><\/div>\n<nav><ul class='ez-toc-list ez-toc-list-level-1 eztoc-toggle-hide-by-default' ><ul class='ez-toc-list-level-3' ><li class='ez-toc-heading-level-3'><a class=\"ez-toc-link ez-toc-heading-1\" href=\"https:\/\/histoire-longpre-lcs.org\/blog-histoire\/kit-par-defaut-9\/#Leglise_Saint_Martin_a_ete_construite_a_lemplacement_du_cimetiere_actuel\" >L'\u00e9glise Saint Martin a \u00e9t\u00e9 construite \u00e0 l'emplacement du cimeti\u00e8re actuel.<\/a><\/li><\/ul><\/li><li class='ez-toc-page-1 ez-toc-heading-level-2'><a class=\"ez-toc-link ez-toc-heading-2\" href=\"https:\/\/histoire-longpre-lcs.org\/blog-histoire\/kit-par-defaut-9\/#Description_de_lEglise_St_Martin\" >Description de l'\u00c9glise St Martin :<\/a><\/li><li class='ez-toc-page-1 ez-toc-heading-level-2'><a class=\"ez-toc-link ez-toc-heading-3\" href=\"https:\/\/histoire-longpre-lcs.org\/blog-histoire\/kit-par-defaut-9\/#Les_cloches_de_leglise_St_Martin\" >Les cloches de l'\u00e9glise St Martin<\/a><\/li><\/ul><\/nav><\/div>\n<h3 class=\"elementor-heading-title elementor-size-default\"><span class=\"ez-toc-section\" id=\"Leglise_Saint_Martin_a_ete_construite_a_lemplacement_du_cimetiere_actuel\"><\/span>L'\u00e9glise Saint Martin a \u00e9t\u00e9 construite \u00e0 l'emplacement du cimeti\u00e8re actuel.<span class=\"ez-toc-section-end\"><\/span><\/h3>\t\t\t\t<\/div>\n\t\t\t\t<\/div>\n\t\t\t\t<div class=\"elementor-element elementor-element-b96dc8c elementor-widget elementor-widget-text-editor\" data-id=\"b96dc8c\" data-element_type=\"widget\" data-e-type=\"widget\" data-widget_type=\"text-editor.default\">\n\t\t\t\t<div class=\"elementor-widget-container\">\n\t\t\t\t\t\t\t\t\t<h5>Comme le plan cadastral l&rsquo;atteste, Elle fut construite \u00e0 l&#8217;emplacement du cimeti\u00e8re actuel.<br \/>Dans la Monographie des Villes et Villages de France, collection dirig\u00e9e par M. G. MICBERTH. Histoire de Long et Longpr\u00e9 les Corps Saints par E Delgove, r\u00e9\u00e9dition de 1860. Il est indiqu\u00e9 ce qui suit, \u00e0 la page 10\u00a0; Une agglom\u00e9ration de maisons ou chaumi\u00e8res group\u00e9s autour de leur \u00c9glise et de leur cimeti\u00e8re St Martin, au bout des pr\u00e9s de Long, le nom m\u00eame l&rsquo;indique suffisamment.<br \/><em>(Deux plans du quartier Saint Martin) <\/em><\/h5>\t\t\t\t\t\t\t\t<\/div>\n\t\t\t\t<\/div>\n\t\t\t\t<section class=\"elementor-section elementor-inner-section elementor-element elementor-element-10cc90c elementor-section-boxed elementor-section-height-default elementor-section-height-default\" data-id=\"10cc90c\" data-element_type=\"section\" data-e-type=\"section\">\n\t\t\t\t\t\t<div class=\"elementor-container elementor-column-gap-default\">\n\t\t\t\t\t<div class=\"elementor-column elementor-col-50 elementor-inner-column elementor-element elementor-element-c2afe7b\" data-id=\"c2afe7b\" data-element_type=\"column\" data-e-type=\"column\">\n\t\t\t<div class=\"elementor-widget-wrap elementor-element-populated\">\n\t\t\t\t\t\t<div class=\"elementor-element elementor-element-d063a67 elementor-widget elementor-widget-image\" data-id=\"d063a67\" data-element_type=\"widget\" data-e-type=\"widget\" data-widget_type=\"image.default\">\n\t\t\t\t<div class=\"elementor-widget-container\">\n\t\t\t\t\t\t\t\t\t\t\t\t<figure class=\"wp-caption\">\n\t\t\t\t\t\t\t\t\t\t\t<a href=\"https:\/\/histoiredelongprelcs.org\/blog-histoire\/wp-content\/uploads\/2023\/06\/le-cimetiere-St-Martin-en-1833-sur-le-cadastre-dit-Napoleon.jpg\" data-elementor-open-lightbox=\"yes\" data-elementor-lightbox-title=\"le cimetiere St Martin en 1833 sur le cadastre dit Napol\u00c3\u00a9on\" data-elementor-lightbox-description=\"Cadastre Napol\u00e9onien en 1833.\" data-e-action-hash=\"#elementor-action%3Aaction%3Dlightbox%26settings%3DeyJpZCI6Mzk0NywidXJsIjoiaHR0cHM6XC9cL2hpc3RvaXJlLWxvbmdwcmUtbGNzLm9yZ1wvYmxvZy1oaXN0b2lyZVwvd3AtY29udGVudFwvdXBsb2Fkc1wvMjAyM1wvMDZcL2xlLWNpbWV0aWVyZS1TdC1NYXJ0aW4tZW4tMTgzMy1zdXItbGUtY2FkYXN0cmUtZGl0LU5hcG9sZW9uLmpwZyJ9\" target=\"_blank\" rel=\"noopener\">\n\t\t\t\t\t\t\t<img decoding=\"async\" width=\"1024\" height=\"644\" src=\"https:\/\/histoire-longpre-lcs.org\/blog-histoire\/wp-content\/uploads\/2023\/06\/le-cimetiere-St-Martin-en-1833-sur-le-cadastre-dit-Napoleon-1024x644.jpg\" class=\"attachment-large size-large wp-image-3947\" alt=\"Cadastre Napol\u00e9onien en 1833.\" srcset=\"https:\/\/histoire-longpre-lcs.org\/blog-histoire\/wp-content\/uploads\/2023\/06\/le-cimetiere-St-Martin-en-1833-sur-le-cadastre-dit-Napoleon-1024x644.jpg 1024w, https:\/\/histoire-longpre-lcs.org\/blog-histoire\/wp-content\/uploads\/2023\/06\/le-cimetiere-St-Martin-en-1833-sur-le-cadastre-dit-Napoleon-300x189.jpg 300w, https:\/\/histoire-longpre-lcs.org\/blog-histoire\/wp-content\/uploads\/2023\/06\/le-cimetiere-St-Martin-en-1833-sur-le-cadastre-dit-Napoleon-768x483.jpg 768w, https:\/\/histoire-longpre-lcs.org\/blog-histoire\/wp-content\/uploads\/2023\/06\/le-cimetiere-St-Martin-en-1833-sur-le-cadastre-dit-Napoleon-750x471.jpg 750w, https:\/\/histoire-longpre-lcs.org\/blog-histoire\/wp-content\/uploads\/2023\/06\/le-cimetiere-St-Martin-en-1833-sur-le-cadastre-dit-Napoleon-600x377.jpg 600w, https:\/\/histoire-longpre-lcs.org\/blog-histoire\/wp-content\/uploads\/2023\/06\/le-cimetiere-St-Martin-en-1833-sur-le-cadastre-dit-Napoleon.jpg 1082w\" sizes=\"(max-width: 1024px) 100vw, 1024px\" \/>\t\t\t\t\t\t\t\t<\/a>\n\t\t\t\t\t\t\t\t\t\t\t<figcaption class=\"widget-image-caption wp-caption-text\">Cadastre Napol\u00e9onien en 1833.<\/figcaption>\n\t\t\t\t\t\t\t\t\t\t<\/figure>\n\t\t\t\t\t\t\t\t\t<\/div>\n\t\t\t\t<\/div>\n\t\t\t\t\t<\/div>\n\t\t<\/div>\n\t\t\t\t<div class=\"elementor-column elementor-col-50 elementor-inner-column elementor-element elementor-element-31edc65\" data-id=\"31edc65\" data-element_type=\"column\" data-e-type=\"column\">\n\t\t\t<div class=\"elementor-widget-wrap elementor-element-populated\">\n\t\t\t\t\t\t<div class=\"elementor-element elementor-element-b9b1fae elementor-widget elementor-widget-image\" data-id=\"b9b1fae\" data-element_type=\"widget\" data-e-type=\"widget\" data-widget_type=\"image.default\">\n\t\t\t\t<div class=\"elementor-widget-container\">\n\t\t\t\t\t\t\t\t\t\t\t\t<figure class=\"wp-caption\">\n\t\t\t\t\t\t\t\t\t\t\t<a href=\"https:\/\/histoiredelongprelcs.org\/blog-histoire\/wp-content\/uploads\/2023\/06\/rue-st-martin.jpg\" data-elementor-open-lightbox=\"yes\" data-elementor-lightbox-title=\"rue-st-martin\" data-elementor-lightbox-description=\"Quartier Saint Martin \u00e0 Longpr\u00e9 les Corps Saints.\" data-e-action-hash=\"#elementor-action%3Aaction%3Dlightbox%26settings%3DeyJpZCI6Mzk0OCwidXJsIjoiaHR0cHM6XC9cL2hpc3RvaXJlLWxvbmdwcmUtbGNzLm9yZ1wvYmxvZy1oaXN0b2lyZVwvd3AtY29udGVudFwvdXBsb2Fkc1wvMjAyM1wvMDZcL3J1ZS1zdC1tYXJ0aW4uanBnIn0%3D\" target=\"_blank\" rel=\"noopener\">\n\t\t\t\t\t\t\t<img decoding=\"async\" width=\"237\" height=\"300\" src=\"https:\/\/histoire-longpre-lcs.org\/blog-histoire\/wp-content\/uploads\/2023\/06\/rue-st-martin-237x300.jpg\" class=\"attachment-medium size-medium wp-image-3948\" alt=\"Quartier Saint Martin \u00e0 Longpr\u00e9 les Corps Saints.\" srcset=\"https:\/\/histoire-longpre-lcs.org\/blog-histoire\/wp-content\/uploads\/2023\/06\/rue-st-martin-237x300.jpg 237w, https:\/\/histoire-longpre-lcs.org\/blog-histoire\/wp-content\/uploads\/2023\/06\/rue-st-martin.jpg 321w\" sizes=\"(max-width: 237px) 100vw, 237px\" \/>\t\t\t\t\t\t\t\t<\/a>\n\t\t\t\t\t\t\t\t\t\t\t<figcaption class=\"widget-image-caption wp-caption-text\">Quartier Saint Martin \u00e0 Longpr\u00e9 les Corps Saints.<\/figcaption>\n\t\t\t\t\t\t\t\t\t\t<\/figure>\n\t\t\t\t\t\t\t\t\t<\/div>\n\t\t\t\t<\/div>\n\t\t\t\t\t<\/div>\n\t\t<\/div>\n\t\t\t\t\t<\/div>\n\t\t<\/section>\n\t\t\t\t<div class=\"elementor-element elementor-element-2392896 elementor-widget elementor-widget-heading\" data-id=\"2392896\" data-element_type=\"widget\" data-e-type=\"widget\" data-widget_type=\"heading.default\">\n\t\t\t\t<div class=\"elementor-widget-container\">\n\t\t\t\t\t<h2 class=\"elementor-heading-title elementor-size-default\"><span class=\"ez-toc-section\" id=\"Description_de_lEglise_St_Martin\"><\/span>Description de l'\u00c9glise St Martin : <span class=\"ez-toc-section-end\"><\/span><\/h2>\t\t\t\t<\/div>\n\t\t\t\t<\/div>\n\t\t\t\t<div class=\"elementor-element elementor-element-050691c elementor-widget elementor-widget-text-editor\" data-id=\"050691c\" data-element_type=\"widget\" data-e-type=\"widget\" data-widget_type=\"text-editor.default\">\n\t\t\t\t<div class=\"elementor-widget-container\">\n\t\t\t\t\t\t\t\t\t<h5>L&rsquo;ancienne \u00c9glise Saint Martin de Longpr\u00e9, b\u00e2ti fort longtemps avant l&rsquo;an 1190, situ\u00e9 dans un angle de terre en la rue qui conduit au Castelet, et qui a servi d\u2019\u00e9glise paroissiale fort longtemps aux habitants du dit Longpr\u00e9, tombe \u00e0 pr\u00e9sent en ruine et est sur le point d\u2019\u00eatre renvers\u00e9 de fond en comble, faute de l&rsquo;avoir tant soit peu entretenue. Il semblerait que ne pas entretenir date d&rsquo;au moins 1 mill\u00e9naire (sic).<\/h5>\t\t\t\t\t\t\t\t<\/div>\n\t\t\t\t<\/div>\n\t\t\t\t<div class=\"elementor-element elementor-element-02c27eb elementor-widget elementor-widget-text-editor\" data-id=\"02c27eb\" data-element_type=\"widget\" data-e-type=\"widget\" data-widget_type=\"text-editor.default\">\n\t\t\t\t<div class=\"elementor-widget-container\">\n\t\t\t\t\t\t\t\t\t<h5>La tradition jointe \u00e0 d&rsquo;anciens vestiges nous apprenne que toutes les maisons du village \u00e9taient autrefois b\u00e2ties dans la rue o\u00f9 est situ\u00e9e la dite \u00c9glise et autour de celle-ci et que le quartier de terre qui n&rsquo;en est pas loin, appel\u00e9 le quartier de Saint Martin, et dont la fabrique <em>(La fabrique est l&rsquo;ensemble des biens mat\u00e9riels d&rsquo;une \u00c9glise et des revenus affect\u00e9s \u00e0 l&rsquo;entretien de ces biens.)<\/em> de la paroisse jouit encore \u00e0\u00a0 pr\u00e9sent, \u00e9tait l&rsquo;endroit o\u00f9 la maison presbyt\u00e9rale \u00e9tait autrefois plac\u00e9e, ce qui a beaucoup de vraisemblance.<\/h5><h5>Cependant les anciens habitants dudit Longpr\u00e9, charm\u00e9 sans doute de la beaut\u00e9 et de la magnificence de l&rsquo;\u00e9glise coll\u00e9giale qu&rsquo;Al\u00e9aume de Fontaines\u00a0 et Lorette de St Val\u00e9ry son \u00e9pouse firent b\u00e2tir en\u00a0 l&rsquo;honneur de Notre-Dame, et encore plus touch\u00e9 du grand nombre des saintes reliques qu&rsquo;ils regardaient comme autant de protecteurs de leurs personnes et de leurs biens, r\u00e9solurent d&rsquo;un consentement unanime de transporter leurs maisons plus avant dans le village et de les placer aupr\u00e8s de ladite \u00e9glise, o\u00f9 ils voulurent que la paroisse y soit \u00e9tablie.<\/h5>\t\t\t\t\t\t\t\t<\/div>\n\t\t\t\t<\/div>\n\t\t\t\t<section class=\"elementor-section elementor-inner-section elementor-element elementor-element-e32b364 elementor-section-boxed elementor-section-height-default elementor-section-height-default\" data-id=\"e32b364\" data-element_type=\"section\" data-e-type=\"section\">\n\t\t\t\t\t\t<div class=\"elementor-container elementor-column-gap-default\">\n\t\t\t\t\t<div class=\"elementor-column elementor-col-50 elementor-inner-column elementor-element elementor-element-f7a2bc0\" data-id=\"f7a2bc0\" data-element_type=\"column\" data-e-type=\"column\">\n\t\t\t<div class=\"elementor-widget-wrap elementor-element-populated\">\n\t\t\t\t\t\t<div class=\"elementor-element elementor-element-a2e98af elementor-widget elementor-widget-text-editor\" data-id=\"a2e98af\" data-element_type=\"widget\" data-e-type=\"widget\" data-widget_type=\"text-editor.default\">\n\t\t\t\t<div class=\"elementor-widget-container\">\n\t\t\t\t\t\t\t\t\t<h5>Ce qui f\u00fbt accord\u00e9 par le Chapitre \u00e0\u00a0 qui ils firent pr\u00e9sent d&rsquo;une somme consid\u00e9rable d&rsquo;argent applicable \u00e0 l&rsquo;entretien de la dite \u00e9glise, et abandonnant en m\u00eame temps celle de St Martin, o\u00f9 on ne fit plus d&rsquo;autre office qu&rsquo;aux deux f\u00eates de ce saint en juillet et en novembre, et outre cela le Chapitre avait coutume d&rsquo;y chanter solennellement la messe le lundi des rogations (Les jours des Rogations sont, dans le calendrier liturgique tridentin, les trois jours pr\u00e9c\u00e9dant imm\u00e9diatement le jeudi de l&rsquo;Ascension, c&rsquo;est-\u00e0-dire les 37e, 38e et 39e jours apr\u00e8s P\u00e2ques.<\/h5><h5>Ce terme est encore utilis\u00e9 aujourd&rsquo;hui par les \u00e9glises catholique, anglicane et quelques \u00e9glises orthodoxes, Le mot \u00ab rogation \u00bb vient du latin rogare, qui signifie \u00ab demander \u00bb. Ce terme sert \u00e0 qualifier cette p\u00e9riode de l&rsquo;ann\u00e9e car l&rsquo;\u00e9vangile du dimanche pr\u00e9c\u00e9dent comprend le passage\u00a0;<\/h5>\t\t\t\t\t\t\t\t<\/div>\n\t\t\t\t<\/div>\n\t\t\t\t<div class=\"elementor-element elementor-element-bc852e2 elementor-widget elementor-widget-testimonial\" data-id=\"bc852e2\" data-element_type=\"widget\" data-e-type=\"widget\" data-widget_type=\"testimonial.default\">\n\t\t\t\t<div class=\"elementor-widget-container\">\n\t\t\t\t\t\t\t<div class=\"elementor-testimonial-wrapper\">\n\t\t\t\t\t\t\t<div class=\"elementor-testimonial-content\">\u00ab Demandez ce que voudrez et cela vous sera accord\u00e9 \u00bb <\/div>\n\t\t\t\n\t\t\t\t\t\t<div class=\"elementor-testimonial-meta elementor-has-image elementor-testimonial-image-position-aside\">\n\t\t\t\t<div class=\"elementor-testimonial-meta-inner\">\n\t\t\t\t\t\t\t\t\t\t\t<div class=\"elementor-testimonial-image\">\n\t\t\t\t\t\t\t<img loading=\"lazy\" decoding=\"async\" width=\"92\" height=\"92\" src=\"https:\/\/histoire-longpre-lcs.org\/blog-histoire\/wp-content\/uploads\/2023\/06\/jean-XV.jpeg\" class=\"attachment-full size-full wp-image-4023\" alt=\"\" srcset=\"https:\/\/histoire-longpre-lcs.org\/blog-histoire\/wp-content\/uploads\/2023\/06\/jean-XV.jpeg 92w, https:\/\/histoire-longpre-lcs.org\/blog-histoire\/wp-content\/uploads\/2023\/06\/jean-XV-50x50.jpeg 50w\" sizes=\"(max-width: 92px) 100vw, 92px\" \/>\t\t\t\t\t\t<\/div>\n\t\t\t\t\t\n\t\t\t\t\t\t\t\t\t\t<div class=\"elementor-testimonial-details\">\n\t\t\t\t\t\t\t\t\t\t\t\t\t\t<div class=\"elementor-testimonial-name\">Jean 15:7-13 S21<\/div>\n\t\t\t\t\t\t\t\t\t\t\t\t\t\t\t\t\t\t\t<\/div>\n\t\t\t\t\t\t\t\t\t<\/div>\n\t\t\t<\/div>\n\t\t\t\t\t<\/div>\n\t\t\t\t\t\t<\/div>\n\t\t\t\t<\/div>\n\t\t\t\t\t<\/div>\n\t\t<\/div>\n\t\t\t\t<div class=\"elementor-column elementor-col-50 elementor-inner-column elementor-element elementor-element-0940cbf\" data-id=\"0940cbf\" data-element_type=\"column\" data-e-type=\"column\">\n\t\t\t<div class=\"elementor-widget-wrap elementor-element-populated\">\n\t\t\t\t\t\t<div class=\"elementor-element elementor-element-e0dac1f elementor-widget elementor-widget-spacer\" data-id=\"e0dac1f\" data-element_type=\"widget\" data-e-type=\"widget\" data-widget_type=\"spacer.default\">\n\t\t\t\t<div class=\"elementor-widget-container\">\n\t\t\t\t\t\t\t<div class=\"elementor-spacer\">\n\t\t\t<div class=\"elementor-spacer-inner\"><\/div>\n\t\t<\/div>\n\t\t\t\t\t\t<\/div>\n\t\t\t\t<\/div>\n\t\t\t\t<div class=\"elementor-element elementor-element-10d9622 elementor-widget elementor-widget-image\" data-id=\"10d9622\" data-element_type=\"widget\" data-e-type=\"widget\" data-widget_type=\"image.default\">\n\t\t\t\t<div class=\"elementor-widget-container\">\n\t\t\t\t\t\t\t\t\t\t\t\t\t\t\t<img decoding=\"async\" src=\"https:\/\/histoire-longpre-lcs.org\/blog-histoire\/wp-content\/uploads\/2023\/06\/eglise-saint-martin-exterieur04-1.jpg\" title=\"eglise-saint-martin-exterieur04\" alt=\"\u00c3\u2030glise Saint-Martin, CORTRAT, Tourisme Loiret\" loading=\"lazy\" \/>\t\t\t\t\t\t\t\t\t\t\t\t\t\t\t<\/div>\n\t\t\t\t<\/div>\n\t\t\t\t<div class=\"elementor-element elementor-element-8ff1d79 elementor-widget elementor-widget-heading\" data-id=\"8ff1d79\" data-element_type=\"widget\" data-e-type=\"widget\" data-widget_type=\"heading.default\">\n\t\t\t\t<div class=\"elementor-widget-container\">\n\t\t\t\t\t<h6 class=\"elementor-heading-title elementor-size-default\">\u00c9glise Saint-Martin, CORTRAT, Tourisme Loiret<\/h6>\t\t\t\t<\/div>\n\t\t\t\t<\/div>\n\t\t\t\t<div class=\"elementor-element elementor-element-7135b4e elementor-widget elementor-widget-text-editor\" data-id=\"7135b4e\" data-element_type=\"widget\" data-e-type=\"widget\" data-widget_type=\"text-editor.default\">\n\t\t\t\t<div class=\"elementor-widget-container\">\n\t\t\t\t\t\t\t\t\t<h5>Le terme rogation, en latin rogatio, signifiait originellement \u00ab demande \u00bb et a pris le sens de \u00ab pri\u00e8re, supplique \u00bb en bas latin et de \u00ab pri\u00e8re accompagn\u00e9 de processions \u00bb en latin eccl\u00e9siastique.<\/h5>\t\t\t\t\t\t\t\t<\/div>\n\t\t\t\t<\/div>\n\t\t\t\t\t<\/div>\n\t\t<\/div>\n\t\t\t\t\t<\/div>\n\t\t<\/section>\n\t\t\t\t\t<\/div>\n\t\t<\/div>\n\t\t\t\t\t<\/div>\n\t\t<\/section>\n\t\t\t\t<section class=\"elementor-section elementor-top-section elementor-element elementor-element-52def5e elementor-section-boxed elementor-section-height-default elementor-section-height-default\" data-id=\"52def5e\" data-element_type=\"section\" data-e-type=\"section\">\n\t\t\t\t\t\t<div class=\"elementor-container elementor-column-gap-default\">\n\t\t\t\t\t<div class=\"elementor-column elementor-col-100 elementor-top-column elementor-element elementor-element-1c78ae1\" data-id=\"1c78ae1\" data-element_type=\"column\" data-e-type=\"column\">\n\t\t\t<div class=\"elementor-widget-wrap elementor-element-populated\">\n\t\t\t\t\t\t<div class=\"elementor-element elementor-element-dc0a82f elementor-widget elementor-widget-text-editor\" data-id=\"dc0a82f\" data-element_type=\"widget\" data-e-type=\"widget\" data-widget_type=\"text-editor.default\">\n\t\t\t\t<div class=\"elementor-widget-container\">\n\t\t\t\t\t\t\t\t\t<h5>L&rsquo;\u00e9glise St Martin fut abandonn\u00e9e d\u00e8s le XIV\u00e8me si\u00e8cle par les paroissiens qui fr\u00e9quent\u00e8rent l&rsquo;autre de pr\u00e9f\u00e9rence. Jusqu\u2019\u00e0 sa destruction au XVIII\u00e8me si\u00e8cle, l&rsquo;\u00e9glise paroissiale n&rsquo;\u00e9tait plus l&rsquo;objet de culte que trois fois par an (voir plus haut). C&rsquo;est par divers concordats de 1395, 1667 et 1698 que furent r\u00e9gl\u00e9s les droits respectifs du Chapitre et du cur\u00e9 dans l&rsquo;\u00e9glise Coll\u00e9giale. Nous n&rsquo;avons que peut de renseignements sur les cloches de l&rsquo;\u00e9glise St Martin.<\/h5>\t\t\t\t\t\t\t\t<\/div>\n\t\t\t\t<\/div>\n\t\t\t\t<div class=\"elementor-element elementor-element-eb71791 elementor-widget elementor-widget-heading\" data-id=\"eb71791\" data-element_type=\"widget\" data-e-type=\"widget\" data-widget_type=\"heading.default\">\n\t\t\t\t<div class=\"elementor-widget-container\">\n\t\t\t\t\t<h2 class=\"elementor-heading-title elementor-size-default\"><span class=\"ez-toc-section\" id=\"Les_cloches_de_leglise_St_Martin\"><\/span>Les cloches de l'\u00e9glise St Martin <span class=\"ez-toc-section-end\"><\/span><\/h2>\t\t\t\t<\/div>\n\t\t\t\t<\/div>\n\t\t\t\t<div class=\"elementor-element elementor-element-97bc435 elementor-widget elementor-widget-text-editor\" data-id=\"97bc435\" data-element_type=\"widget\" data-e-type=\"widget\" data-widget_type=\"text-editor.default\">\n\t\t\t\t<div class=\"elementor-widget-container\">\n\t\t\t\t\t\t\t\t\t<h5>Le Concordat de 1365 parle \u00ab d&rsquo;une des moiennes cloques \u00bb et \u00ab des petites cloques \u00bb ; celui de 1667 mentionne en outre les \u00ab grosses cloches \u00bb. Il y avait donc six cloches.<br \/><span style=\"color: var( --e-global-color-text ); font-family: var( --e-global-typography-text-font-family ), Sans-serif; font-weight: var( --e-global-typography-text-font-weight ); background-color: transparent;\"><br \/>D\u2019ailleurs, lors de la refonte de 1698, on parle des \u00ab six anciennes \u00bb. Dans le Concordat de cette derni\u00e8re ann\u00e9e, il est dit que le m\u00e9tal des cloches cass\u00e9es et enti\u00e8res appartiendra \u00e0 la paroisse pour \u00eatre refondu en cloches plac\u00e9es dans le clocher ; \u00ab parmi lesquelles cloches il y en aura une petite, de la grosseur environ d\u2019une des petites des six anciennes, qui sera plac\u00e9e dans le petit campanaire<\/span><span style=\"color: var( --e-global-color-text ); font-family: var( --e-global-typography-text-font-family ), Sans-serif; font-weight: var( --e-global-typography-text-font-weight ); background-color: transparent;\">\u00bb <\/span><span style=\"color: var( --e-global-color-text ); font-family: var( --e-global-typography-text-font-family ), Sans-serif; font-weight: var( --e-global-typography-text-font-weight ); background-color: transparent;\">(Un campanaire est une structure en bois pour soutenir les cloches.) que le Chapitre pr\u00e9tend faire sur le ch\u0153ur ou m\u00eame dans le clocher, \u00e0 la volont\u00e9 du Chapitre. (Les Concordats sont reproduits dans un manuscrit \u00e9crit vers 1732 appartenant \u00e0 M. Jean Masson, \u00e0 Amiens).<br \/><\/span><span style=\"color: var( --e-global-color-text ); font-family: var( --e-global-typography-text-font-family ), Sans-serif; font-weight: var( --e-global-typography-text-font-weight ); background-color: transparent;\">Trois cloches furent refondues en 1698, vraisemblablement par Pierre et Antoine Chaperon d\u2019Amiens car ces deux fondeurs sont t\u00e9moins le 4 octobre 1698 \u00e0 un acte notari\u00e9, pass\u00e9 \u00e0 Longpr\u00e9. Ces cloches furent mont\u00e9es dans le nouveau clocher le 8 octobre 1701 ; l\u2019\u00e9glise avait \u00e9t\u00e9 priv\u00e9e de clocher depuis 36 \u00e0 37 ans, qu\u2019il fut renvers\u00e9 et ruin\u00e9 de fond en comble.<\/span><\/h5><h5><strong>Voir l&rsquo;article sur \u00a0\u00bb <a href=\"https:\/\/histoire-longpre-lcs.org\/blog-histoire\/les-cloches-de-longpre\/\" target=\"_blank\" rel=\"noopener\">Les cloches de Longpr\u00e9<\/a> \u00ab\u00a0<br \/>Voir l&rsquo;article sur \u00ab\u00a0<a href=\"https:\/\/histoire-longpre-lcs.org\/blog-histoire\/Cat%C3%A9gories\/lieux-historique\/collegiale\/\" target=\"_blank\" rel=\"noopener\">la Coll\u00e9giale<\/a>\u00ab\u00a0<\/strong><\/h5>\t\t\t\t\t\t\t\t<\/div>\n\t\t\t\t<\/div>\n\t\t\t\t\t<\/div>\n\t\t<\/div>\n\t\t\t\t\t<\/div>\n\t\t<\/section>\n\t\t\t\t<section class=\"elementor-section elementor-top-section elementor-element elementor-element-524fe5d elementor-section-boxed elementor-section-height-default elementor-section-height-default\" data-id=\"524fe5d\" data-element_type=\"section\" data-e-type=\"section\">\n\t\t\t\t\t\t<div class=\"elementor-container elementor-column-gap-default\">\n\t\t\t\t\t<div class=\"elementor-column elementor-col-50 elementor-top-column elementor-element elementor-element-6ae23f6\" data-id=\"6ae23f6\" data-element_type=\"column\" data-e-type=\"column\">\n\t\t\t<div class=\"elementor-widget-wrap elementor-element-populated\">\n\t\t\t\t\t\t<div class=\"elementor-element elementor-element-f1432a9 elementor-widget elementor-widget-image\" data-id=\"f1432a9\" data-element_type=\"widget\" data-e-type=\"widget\" data-widget_type=\"image.default\">\n\t\t\t\t<div class=\"elementor-widget-container\">\n\t\t\t\t\t\t\t\t\t\t\t\t<figure class=\"wp-caption\">\n\t\t\t\t\t\t\t\t\t\t\t<a href=\"https:\/\/histoiredelongprelcs.org\/blog-histoire\/wp-content\/uploads\/2023\/06\/Blog-2011.09.2011-rose-Rouen-225-1.jpg\" data-elementor-open-lightbox=\"yes\" data-elementor-lightbox-title=\"Blog-2011.09.2011-rose-Rouen-225\" data-elementor-lightbox-description=\"Une \u00e9glise d&#039;avant l&#039;an 1000 pr\u00e9s de Rouen.\" data-e-action-hash=\"#elementor-action%3Aaction%3Dlightbox%26settings%3DeyJpZCI6NTMzMywidXJsIjoiaHR0cHM6XC9cL2hpc3RvaXJlLWxvbmdwcmUtbGNzLm9yZ1wvYmxvZy1oaXN0b2lyZVwvd3AtY29udGVudFwvdXBsb2Fkc1wvMjAyM1wvMDZcL0Jsb2ctMjAxMS4wOS4yMDExLXJvc2UtUm91ZW4tMjI1LTEuanBnIn0%3D\" target=\"_blank\" rel=\"noopener\">\n\t\t\t\t\t\t\t<img loading=\"lazy\" decoding=\"async\" width=\"500\" height=\"375\" src=\"https:\/\/histoire-longpre-lcs.org\/blog-histoire\/wp-content\/uploads\/2023\/06\/Blog-2011.09.2011-rose-Rouen-225-1.jpg\" class=\"attachment-large size-large wp-image-5333\" alt=\"Une \u00e9glise d&apos;avant l&apos;an 1000 pr\u00e9s de Rouen.\" srcset=\"https:\/\/histoire-longpre-lcs.org\/blog-histoire\/wp-content\/uploads\/2023\/06\/Blog-2011.09.2011-rose-Rouen-225-1.jpg 500w, https:\/\/histoire-longpre-lcs.org\/blog-histoire\/wp-content\/uploads\/2023\/06\/Blog-2011.09.2011-rose-Rouen-225-1-300x225.jpg 300w\" sizes=\"(max-width: 500px) 100vw, 500px\" \/>\t\t\t\t\t\t\t\t<\/a>\n\t\t\t\t\t\t\t\t\t\t\t<figcaption class=\"widget-image-caption wp-caption-text\">Une \u00e9glise d'avant l'an 1000 pr\u00e9s de Rouen.<\/figcaption>\n\t\t\t\t\t\t\t\t\t\t<\/figure>\n\t\t\t\t\t\t\t\t\t<\/div>\n\t\t\t\t<\/div>\n\t\t\t\t\t<\/div>\n\t\t<\/div>\n\t\t\t\t<div class=\"elementor-column elementor-col-50 elementor-top-column elementor-element elementor-element-e7e3f61\" data-id=\"e7e3f61\" data-element_type=\"column\" data-e-type=\"column\">\n\t\t\t<div class=\"elementor-widget-wrap elementor-element-populated\">\n\t\t\t\t\t\t<section class=\"elementor-section elementor-inner-section elementor-element elementor-element-3c88ec0 elementor-section-boxed elementor-section-height-default elementor-section-height-default\" data-id=\"3c88ec0\" data-element_type=\"section\" data-e-type=\"section\">\n\t\t\t\t\t\t<div class=\"elementor-container elementor-column-gap-default\">\n\t\t\t\t\t<div class=\"elementor-column elementor-col-100 elementor-inner-column elementor-element elementor-element-43d7f0c\" data-id=\"43d7f0c\" data-element_type=\"column\" data-e-type=\"column\">\n\t\t\t<div class=\"elementor-widget-wrap elementor-element-populated\">\n\t\t\t\t\t\t<div class=\"elementor-element elementor-element-495037b elementor-widget elementor-widget-image\" data-id=\"495037b\" data-element_type=\"widget\" data-e-type=\"widget\" data-widget_type=\"image.default\">\n\t\t\t\t<div class=\"elementor-widget-container\">\n\t\t\t\t\t\t\t\t\t\t\t\t<figure class=\"wp-caption\">\n\t\t\t\t\t\t\t\t\t\t\t<a href=\"https:\/\/histoiredelongprelcs.org\/blog-histoire\/wp-content\/uploads\/2023\/06\/musee-art-campanaire-31534_w800.webp\" data-elementor-open-lightbox=\"yes\" data-elementor-lightbox-title=\"musee-art-campanaire-31534_w800\" data-e-action-hash=\"#elementor-action%3Aaction%3Dlightbox%26settings%3DeyJpZCI6NDA1OCwidXJsIjoiaHR0cHM6XC9cL2hpc3RvaXJlLWxvbmdwcmUtbGNzLm9yZ1wvYmxvZy1oaXN0b2lyZVwvd3AtY29udGVudFwvdXBsb2Fkc1wvMjAyM1wvMDZcL211c2VlLWFydC1jYW1wYW5haXJlLTMxNTM0X3c4MDAud2VicCJ9\" target=\"_blank\" rel=\"noopener\">\n\t\t\t\t\t\t\t<img loading=\"lazy\" decoding=\"async\" width=\"640\" height=\"480\" src=\"https:\/\/histoire-longpre-lcs.org\/blog-histoire\/wp-content\/uploads\/2023\/06\/musee-art-campanaire-31534_w800.webp\" class=\"attachment-large size-large wp-image-4058\" alt=\"Un campanaire de Beffroi\" srcset=\"https:\/\/histoire-longpre-lcs.org\/blog-histoire\/wp-content\/uploads\/2023\/06\/musee-art-campanaire-31534_w800.webp 640w, https:\/\/histoire-longpre-lcs.org\/blog-histoire\/wp-content\/uploads\/2023\/06\/musee-art-campanaire-31534_w800-300x225.webp 300w, https:\/\/histoire-longpre-lcs.org\/blog-histoire\/wp-content\/uploads\/2023\/06\/musee-art-campanaire-31534_w800-500x375.webp 500w, https:\/\/histoire-longpre-lcs.org\/blog-histoire\/wp-content\/uploads\/2023\/06\/musee-art-campanaire-31534_w800-600x450.webp 600w\" sizes=\"(max-width: 640px) 100vw, 640px\" \/>\t\t\t\t\t\t\t\t<\/a>\n\t\t\t\t\t\t\t\t\t\t\t<figcaption class=\"widget-image-caption wp-caption-text\">Un campanaire vue en coupe<\/figcaption>\n\t\t\t\t\t\t\t\t\t\t<\/figure>\n\t\t\t\t\t\t\t\t\t<\/div>\n\t\t\t\t<\/div>\n\t\t\t\t\t<\/div>\n\t\t<\/div>\n\t\t\t\t\t<\/div>\n\t\t<\/section>\n\t\t\t\t\t<\/div>\n\t\t<\/div>\n\t\t\t\t\t<\/div>\n\t\t<\/section>\n\t\t\t\t<section class=\"elementor-section elementor-top-section elementor-element elementor-element-80629b8 elementor-section-boxed elementor-section-height-default elementor-section-height-default\" data-id=\"80629b8\" data-element_type=\"section\" data-e-type=\"section\">\n\t\t\t\t\t\t<div class=\"elementor-container elementor-column-gap-default\">\n\t\t\t\t\t<div class=\"elementor-column elementor-col-50 elementor-top-column elementor-element elementor-element-9f91837\" data-id=\"9f91837\" data-element_type=\"column\" data-e-type=\"column\">\n\t\t\t<div class=\"elementor-widget-wrap elementor-element-populated\">\n\t\t\t\t\t\t<div class=\"elementor-element elementor-element-be83e45 elementor-widget elementor-widget-image\" data-id=\"be83e45\" data-element_type=\"widget\" data-e-type=\"widget\" data-widget_type=\"image.default\">\n\t\t\t\t<div class=\"elementor-widget-container\">\n\t\t\t\t\t\t\t\t\t\t\t\t<figure class=\"wp-caption\">\n\t\t\t\t\t\t\t\t\t\t\t<a href=\"https:\/\/histoiredelongprelcs.org\/blog-histoire\/wp-content\/uploads\/2023\/06\/campanaire-reel.jpg\" data-elementor-open-lightbox=\"yes\" data-elementor-lightbox-title=\"campanaire r\u00c3\u00a9el\" data-e-action-hash=\"#elementor-action%3Aaction%3Dlightbox%26settings%3DeyJpZCI6NDA1NCwidXJsIjoiaHR0cHM6XC9cL2hpc3RvaXJlLWxvbmdwcmUtbGNzLm9yZ1wvYmxvZy1oaXN0b2lyZVwvd3AtY29udGVudFwvdXBsb2Fkc1wvMjAyM1wvMDZcL2NhbXBhbmFpcmUtcmVlbC5qcGcifQ%3D%3D\" target=\"_blank\" rel=\"noopener\">\n\t\t\t\t\t\t\t<img loading=\"lazy\" decoding=\"async\" width=\"1024\" height=\"606\" src=\"https:\/\/histoire-longpre-lcs.org\/blog-histoire\/wp-content\/uploads\/2023\/06\/campanaire-reel-1024x606.jpg\" class=\"attachment-large size-large wp-image-4054\" alt=\"Campanaire et ses cloches\" srcset=\"https:\/\/histoire-longpre-lcs.org\/blog-histoire\/wp-content\/uploads\/2023\/06\/campanaire-reel-1024x606.jpg 1024w, https:\/\/histoire-longpre-lcs.org\/blog-histoire\/wp-content\/uploads\/2023\/06\/campanaire-reel-300x178.jpg 300w, https:\/\/histoire-longpre-lcs.org\/blog-histoire\/wp-content\/uploads\/2023\/06\/campanaire-reel-768x454.jpg 768w, https:\/\/histoire-longpre-lcs.org\/blog-histoire\/wp-content\/uploads\/2023\/06\/campanaire-reel-750x444.jpg 750w, https:\/\/histoire-longpre-lcs.org\/blog-histoire\/wp-content\/uploads\/2023\/06\/campanaire-reel-600x355.jpg 600w, https:\/\/histoire-longpre-lcs.org\/blog-histoire\/wp-content\/uploads\/2023\/06\/campanaire-reel.jpg 1440w\" sizes=\"(max-width: 1024px) 100vw, 1024px\" \/>\t\t\t\t\t\t\t\t<\/a>\n\t\t\t\t\t\t\t\t\t\t\t<figcaption class=\"widget-image-caption wp-caption-text\">Campanaire et ses cloches<\/figcaption>\n\t\t\t\t\t\t\t\t\t\t<\/figure>\n\t\t\t\t\t\t\t\t\t<\/div>\n\t\t\t\t<\/div>\n\t\t\t\t<div class=\"elementor-element elementor-element-a388653 elementor-widget elementor-widget-image\" data-id=\"a388653\" data-element_type=\"widget\" data-e-type=\"widget\" data-widget_type=\"image.default\">\n\t\t\t\t<div class=\"elementor-widget-container\">\n\t\t\t\t\t\t\t\t\t\t\t\t<figure class=\"wp-caption\">\n\t\t\t\t\t\t\t\t\t\t\t<a href=\"https:\/\/histoiredelongprelcs.org\/blog-histoire\/wp-content\/uploads\/2023\/06\/collegiale_1826-grande.jpg\" data-elementor-open-lightbox=\"yes\" data-elementor-lightbox-title=\"collegiale_1826-grande\" data-elementor-lightbox-description=\"La Coll\u00e9giale en 1826, dessin de Duthoit.it.\" data-e-action-hash=\"#elementor-action%3Aaction%3Dlightbox%26settings%3DeyJpZCI6MjMzMiwidXJsIjoiaHR0cHM6XC9cL2hpc3RvaXJlLWxvbmdwcmUtbGNzLm9yZ1wvYmxvZy1oaXN0b2lyZVwvd3AtY29udGVudFwvdXBsb2Fkc1wvMjAyM1wvMDZcL2NvbGxlZ2lhbGVfMTgyNi1ncmFuZGUuanBnIn0%3D\" target=\"_blank\" rel=\"noopener\">\n\t\t\t\t\t\t\t<img loading=\"lazy\" decoding=\"async\" width=\"536\" height=\"623\" src=\"https:\/\/histoire-longpre-lcs.org\/blog-histoire\/wp-content\/uploads\/2023\/06\/collegiale_1826-grande.jpg\" class=\"attachment-large size-large wp-image-2332\" alt=\"La Coll\u00e9giale en 1826, dessin de Duthoit.\" srcset=\"https:\/\/histoire-longpre-lcs.org\/blog-histoire\/wp-content\/uploads\/2023\/06\/collegiale_1826-grande.jpg 536w, https:\/\/histoire-longpre-lcs.org\/blog-histoire\/wp-content\/uploads\/2023\/06\/collegiale_1826-grande-258x300.jpg 258w\" sizes=\"(max-width: 536px) 100vw, 536px\" \/>\t\t\t\t\t\t\t\t<\/a>\n\t\t\t\t\t\t\t\t\t\t\t<figcaption class=\"widget-image-caption wp-caption-text\"><\/figcaption>\n\t\t\t\t\t\t\t\t\t\t<\/figure>\n\t\t\t\t\t\t\t\t\t<\/div>\n\t\t\t\t<\/div>\n\t\t\t\t\t<\/div>\n\t\t<\/div>\n\t\t\t\t<div class=\"elementor-column elementor-col-50 elementor-top-column elementor-element elementor-element-ee12089\" data-id=\"ee12089\" data-element_type=\"column\" data-e-type=\"column\">\n\t\t\t<div class=\"elementor-widget-wrap elementor-element-populated\">\n\t\t\t\t\t\t<div class=\"elementor-element elementor-element-87dfbbe elementor-widget elementor-widget-image\" data-id=\"87dfbbe\" data-element_type=\"widget\" data-e-type=\"widget\" data-widget_type=\"image.default\">\n\t\t\t\t<div class=\"elementor-widget-container\">\n\t\t\t\t\t\t\t\t\t\t\t\t<figure class=\"wp-caption\">\n\t\t\t\t\t\t\t\t\t\t\t<a href=\"https:\/\/histoiredelongprelcs.org\/blog-histoire\/wp-content\/uploads\/2023\/06\/cloche2-500.jpg\" data-elementor-open-lightbox=\"yes\" data-elementor-lightbox-title=\"cloche2-500\" data-elementor-lightbox-description=\"La cloche temporaire, install\u00e9 en 1957.\" data-e-action-hash=\"#elementor-action%3Aaction%3Dlightbox%26settings%3DeyJpZCI6NDAzNSwidXJsIjoiaHR0cHM6XC9cL2hpc3RvaXJlLWxvbmdwcmUtbGNzLm9yZ1wvYmxvZy1oaXN0b2lyZVwvd3AtY29udGVudFwvdXBsb2Fkc1wvMjAyM1wvMDZcL2Nsb2NoZTItNTAwLmpwZyJ9\" target=\"_blank\" rel=\"noopener\">\n\t\t\t\t\t\t\t<img loading=\"lazy\" decoding=\"async\" width=\"500\" height=\"332\" src=\"https:\/\/histoire-longpre-lcs.org\/blog-histoire\/wp-content\/uploads\/2023\/06\/cloche2-500.jpg\" class=\"attachment-large size-large wp-image-4035\" alt=\"La cloche temporaire, install\u00e9 en 1957.\" srcset=\"https:\/\/histoire-longpre-lcs.org\/blog-histoire\/wp-content\/uploads\/2023\/06\/cloche2-500.jpg 500w, https:\/\/histoire-longpre-lcs.org\/blog-histoire\/wp-content\/uploads\/2023\/06\/cloche2-500-300x199.jpg 300w\" sizes=\"(max-width: 500px) 100vw, 500px\" \/>\t\t\t\t\t\t\t\t<\/a>\n\t\t\t\t\t\t\t\t\t\t\t<figcaption class=\"widget-image-caption wp-caption-text\">La cloche temporaire, install\u00e9 en 1957.<\/figcaption>\n\t\t\t\t\t\t\t\t\t\t<\/figure>\n\t\t\t\t\t\t\t\t\t<\/div>\n\t\t\t\t<\/div>\n\t\t\t\t<div class=\"elementor-element elementor-element-8d51a39 elementor-widget elementor-widget-image\" data-id=\"8d51a39\" data-element_type=\"widget\" data-e-type=\"widget\" data-widget_type=\"image.default\">\n\t\t\t\t<div class=\"elementor-widget-container\">\n\t\t\t\t\t\t\t\t\t\t\t\t<figure class=\"wp-caption\">\n\t\t\t\t\t\t\t\t\t\t\t<a href=\"https:\/\/histoiredelongprelcs.org\/blog-histoire\/wp-content\/uploads\/2023\/06\/DSC_4094-768x432-1.jpg\" data-elementor-open-lightbox=\"yes\" data-elementor-lightbox-title=\"DSC_4094-768x432\" data-elementor-lightbox-description=\"Vue panoramique du cimeti\u00e8re St Martin \u00e0 Longpr\u00e9\" data-e-action-hash=\"#elementor-action%3Aaction%3Dlightbox%26settings%3DeyJpZCI6NDAzNywidXJsIjoiaHR0cHM6XC9cL2hpc3RvaXJlLWxvbmdwcmUtbGNzLm9yZ1wvYmxvZy1oaXN0b2lyZVwvd3AtY29udGVudFwvdXBsb2Fkc1wvMjAyM1wvMDZcL0RTQ180MDk0LTc2OHg0MzItMS5qcGcifQ%3D%3D\" target=\"_blank\" rel=\"noopener\">\n\t\t\t\t\t\t\t<img loading=\"lazy\" decoding=\"async\" width=\"768\" height=\"432\" src=\"https:\/\/histoire-longpre-lcs.org\/blog-histoire\/wp-content\/uploads\/2023\/06\/DSC_4094-768x432-1.jpg\" class=\"attachment-large size-large wp-image-4037\" alt=\"Vue panoramique du cimeti\u00e8re St Martin \u00e0 Longpr\u00e9\" srcset=\"https:\/\/histoire-longpre-lcs.org\/blog-histoire\/wp-content\/uploads\/2023\/06\/DSC_4094-768x432-1.jpg 768w, https:\/\/histoire-longpre-lcs.org\/blog-histoire\/wp-content\/uploads\/2023\/06\/DSC_4094-768x432-1-300x169.jpg 300w, https:\/\/histoire-longpre-lcs.org\/blog-histoire\/wp-content\/uploads\/2023\/06\/DSC_4094-768x432-1-750x422.jpg 750w, https:\/\/histoire-longpre-lcs.org\/blog-histoire\/wp-content\/uploads\/2023\/06\/DSC_4094-768x432-1-480x270.jpg 480w, https:\/\/histoire-longpre-lcs.org\/blog-histoire\/wp-content\/uploads\/2023\/06\/DSC_4094-768x432-1-600x338.jpg 600w\" sizes=\"(max-width: 768px) 100vw, 768px\" \/>\t\t\t\t\t\t\t\t<\/a>\n\t\t\t\t\t\t\t\t\t\t\t<figcaption class=\"widget-image-caption wp-caption-text\">Vue panoramique du cimeti\u00e8re St Martin \u00e0 Longpr\u00e9<\/figcaption>\n\t\t\t\t\t\t\t\t\t\t<\/figure>\n\t\t\t\t\t\t\t\t\t<\/div>\n\t\t\t\t<\/div>\n\t\t\t\t\t<\/div>\n\t\t<\/div>\n\t\t\t\t\t<\/div>\n\t\t<\/section>\n\t\t\t\t<\/div>\n\t\t","protected":false},"excerpt":{"rendered":"<p>L&rsquo;\u00e9glise Saint Martin,<br \/>\nDu V\u00e9me au XVIII\u00e9me si\u00e8cle, le village de Longpr\u00e9 poss\u00e9dait simultan\u00e9ment deux \u00e9glises. Incroyable non !!! <\/p>\n","protected":false},"author":1,"featured_media":4064,"comment_status":"open","ping_status":"open","sticky":false,"template":"","format":"standard","meta":{"_uag_custom_page_level_css":"","_EventAllDay":false,"_EventTimezone":"","_EventStartDate":"","_EventEndDate":"","_EventStartDateUTC":"","_EventEndDateUTC":"","_EventShowMap":false,"_EventShowMapLink":false,"_EventURL":"","_EventCost":"","_EventCostDescription":"","_EventCurrencySymbol":"","_EventCurrencyCode":"","_EventCurrencyPosition":"","_EventDateTimeSeparator":"","_EventTimeRangeSeparator":"","_EventOrganizerID":[],"_EventVenueID":[0],"_OrganizerEmail":"","_OrganizerPhone":"","_OrganizerWebsite":"","_VenueAddress":"","_VenueCity":"","_VenueCountry":"","_VenueProvince":"","_VenueState":"","_VenueZip":"","_VenuePhone":"","_VenueURL":"","_VenueStateProvince":"","_VenueLat":"","_VenueLng":"","_VenueShowMap":false,"_VenueShowMapLink":false,"_kadence_starter_templates_imported_post":false,"_kad_post_transparent":"","_kad_post_title":"","_kad_post_layout":"right","_kad_post_sidebar_id":"sidebar-primary","_kad_post_content_style":"","_kad_post_vertical_padding":"","_kad_post_feature":"","_kad_post_feature_position":"","_kad_post_header":false,"_kad_post_footer":false,"_kad_post_classname":"","footnotes":""},"categories":[51],"tags":[113,110,70,116],"class_list":["post-2453","post","type-post","status-publish","format-standard","has-post-thumbnail","hentry","category-lieux-historique","tag-clocher","tag-eglise","tag-longpre","tag-saint-martin"],"uagb_featured_image_src":{"full":["https:\/\/histoire-longpre-lcs.org\/blog-histoire\/wp-content\/uploads\/2023\/06\/pontarlier_village-merovingien.jpg",1920,1358,false],"thumbnail":["https:\/\/histoire-longpre-lcs.org\/blog-histoire\/wp-content\/uploads\/2023\/06\/pontarlier_village-merovingien-150x150.jpg",150,150,true],"medium":["https:\/\/histoire-longpre-lcs.org\/blog-histoire\/wp-content\/uploads\/2023\/06\/pontarlier_village-merovingien-300x212.jpg",300,212,true],"medium_large":["https:\/\/histoire-longpre-lcs.org\/blog-histoire\/wp-content\/uploads\/2023\/06\/pontarlier_village-merovingien-768x543.jpg",768,543,true],"large":["https:\/\/histoire-longpre-lcs.org\/blog-histoire\/wp-content\/uploads\/2023\/06\/pontarlier_village-merovingien-1024x724.jpg",1024,724,true],"1536x1536":["https:\/\/histoire-longpre-lcs.org\/blog-histoire\/wp-content\/uploads\/2023\/06\/pontarlier_village-merovingien-1536x1086.jpg",1536,1086,true],"2048x2048":["https:\/\/histoire-longpre-lcs.org\/blog-histoire\/wp-content\/uploads\/2023\/06\/pontarlier_village-merovingien.jpg",1920,1358,false]},"uagb_author_info":{"display_name":"Zembla-80","author_link":"https:\/\/histoire-longpre-lcs.org\/blog-histoire\/author\/zembla-80\/"},"uagb_comment_info":0,"uagb_excerpt":"L'\u00e9glise Saint Martin, Du V\u00e9me au XVIII\u00e9me si\u00e8cle, le village de Longpr\u00e9 poss\u00e9dait simultan\u00e9ment deux \u00e9glises. Incroyable non !!!","_links":{"self":[{"href":"https:\/\/histoire-longpre-lcs.org\/blog-histoire\/wp-json\/wp\/v2\/posts\/2453","targetHints":{"allow":["GET"]}}],"collection":[{"href":"https:\/\/histoire-longpre-lcs.org\/blog-histoire\/wp-json\/wp\/v2\/posts"}],"about":[{"href":"https:\/\/histoire-longpre-lcs.org\/blog-histoire\/wp-json\/wp\/v2\/types\/post"}],"author":[{"embeddable":true,"href":"https:\/\/histoire-longpre-lcs.org\/blog-histoire\/wp-json\/wp\/v2\/users\/1"}],"replies":[{"embeddable":true,"href":"https:\/\/histoire-longpre-lcs.org\/blog-histoire\/wp-json\/wp\/v2\/comments?post=2453"}],"version-history":[{"count":146,"href":"https:\/\/histoire-longpre-lcs.org\/blog-histoire\/wp-json\/wp\/v2\/posts\/2453\/revisions"}],"predecessor-version":[{"id":6137,"href":"https:\/\/histoire-longpre-lcs.org\/blog-histoire\/wp-json\/wp\/v2\/posts\/2453\/revisions\/6137"}],"wp:featuredmedia":[{"embeddable":true,"href":"https:\/\/histoire-longpre-lcs.org\/blog-histoire\/wp-json\/wp\/v2\/media\/4064"}],"wp:attachment":[{"href":"https:\/\/histoire-longpre-lcs.org\/blog-histoire\/wp-json\/wp\/v2\/media?parent=2453"}],"wp:term":[{"taxonomy":"category","embeddable":true,"href":"https:\/\/histoire-longpre-lcs.org\/blog-histoire\/wp-json\/wp\/v2\/categories?post=2453"},{"taxonomy":"post_tag","embeddable":true,"href":"https:\/\/histoire-longpre-lcs.org\/blog-histoire\/wp-json\/wp\/v2\/tags?post=2453"}],"curies":[{"name":"wp","href":"https:\/\/api.w.org\/{rel}","templated":true}]}}