{"id":2018,"date":"2023-06-01T09:32:08","date_gmt":"2023-06-01T09:32:08","guid":{"rendered":"https:\/\/histoiredelongprelcs.org\/blog-histoire\/?p=2018"},"modified":"2026-01-07T11:56:33","modified_gmt":"2026-01-07T11:56:33","slug":"la-fanfare-et-majorettes-de-longpre","status":"publish","type":"post","link":"https:\/\/histoire-longpre-lcs.org\/blog-histoire\/la-fanfare-et-majorettes-de-longpre\/","title":{"rendered":"La fanfare et majorettes de Longpr\u00e9"},"content":{"rendered":"\t\t<div data-elementor-type=\"wp-post\" data-elementor-id=\"2018\" class=\"elementor elementor-2018\">\n\t\t\t\t\t\t<section class=\"elementor-section elementor-top-section elementor-element elementor-element-44f43239 elementor-section-boxed elementor-section-height-default elementor-section-height-default\" data-id=\"44f43239\" data-element_type=\"section\" data-e-type=\"section\">\n\t\t\t\t\t\t<div class=\"elementor-container elementor-column-gap-default\">\n\t\t\t\t\t<div class=\"elementor-column elementor-col-100 elementor-top-column elementor-element elementor-element-5f6407e1\" data-id=\"5f6407e1\" data-element_type=\"column\" data-e-type=\"column\">\n\t\t\t<div class=\"elementor-widget-wrap elementor-element-populated\">\n\t\t\t\t\t\t<div class=\"elementor-element elementor-element-2f360406 elementor-widget elementor-widget-heading\" data-id=\"2f360406\" data-element_type=\"widget\" data-e-type=\"widget\" data-widget_type=\"heading.default\">\n\t\t\t\t<div class=\"elementor-widget-container\">\n\t\t\t\t\t<div id=\"ez-toc-container\" class=\"ez-toc-v2_0_87 counter-hierarchy ez-toc-counter ez-toc-light-blue ez-toc-container-direction\">\n<div class=\"ez-toc-title-container\">\n<p class=\"ez-toc-title\" style=\"cursor:inherit\">Table des mati\u00e9res<\/p>\n<span class=\"ez-toc-title-toggle\"><a href=\"#\" class=\"ez-toc-pull-right ez-toc-btn ez-toc-btn-xs ez-toc-btn-default ez-toc-toggle\" aria-label=\"Toggle Table of Content\"><span class=\"ez-toc-js-icon-con\"><span class=\"\"><span class=\"eztoc-hide\" style=\"display:none;\">Toggle<\/span><span class=\"ez-toc-icon-toggle-span\"><svg style=\"fill: #999;color:#999\" xmlns=\"http:\/\/www.w3.org\/2000\/svg\" class=\"list-377408\" width=\"20px\" height=\"20px\" viewBox=\"0 0 24 24\" fill=\"none\"><path d=\"M6 6H4v2h2V6zm14 0H8v2h12V6zM4 11h2v2H4v-2zm16 0H8v2h12v-2zM4 16h2v2H4v-2zm16 0H8v2h12v-2z\" fill=\"currentColor\"><\/path><\/svg><svg style=\"fill: #999;color:#999\" class=\"arrow-unsorted-368013\" xmlns=\"http:\/\/www.w3.org\/2000\/svg\" width=\"10px\" height=\"10px\" viewBox=\"0 0 24 24\" version=\"1.2\" baseProfile=\"tiny\"><path d=\"M18.2 9.3l-6.2-6.3-6.2 6.3c-.2.2-.3.4-.3.7s.1.5.3.7c.2.2.4.3.7.3h11c.3 0 .5-.1.7-.3.2-.2.3-.5.3-.7s-.1-.5-.3-.7zM5.8 14.7l6.2 6.3 6.2-6.3c.2-.2.3-.5.3-.7s-.1-.5-.3-.7c-.2-.2-.4-.3-.7-.3h-11c-.3 0-.5.1-.7.3-.2.2-.3.5-.3.7s.1.5.3.7z\"\/><\/svg><\/span><\/span><\/span><\/a><\/span><\/div>\n<nav><ul class='ez-toc-list ez-toc-list-level-1 eztoc-toggle-hide-by-default' ><li class='ez-toc-page-1 ez-toc-heading-level-2'><a class=\"ez-toc-link ez-toc-heading-1\" href=\"https:\/\/histoire-longpre-lcs.org\/blog-histoire\/la-fanfare-et-majorettes-de-longpre\/#Fanfare_et_majorettes_de_Longpre_annee_inconnue\" >Fanfare et majorettes de Longpr\u00e9, ann\u00e9e inconnue.<\/a><\/li><li class='ez-toc-page-1 ez-toc-heading-level-2'><a class=\"ez-toc-link ez-toc-heading-2\" href=\"https:\/\/histoire-longpre-lcs.org\/blog-histoire\/la-fanfare-et-majorettes-de-longpre\/#Qui_sont_ces_jeunes\" >Qui sont ces jeunes ?<\/a><\/li><\/ul><\/nav><\/div>\n<h2 class=\"elementor-heading-title elementor-size-default\"><span class=\"ez-toc-section\" id=\"Fanfare_et_majorettes_de_Longpre_annee_inconnue\"><\/span>Fanfare et majorettes de Longpr\u00e9, ann\u00e9e inconnue.<span class=\"ez-toc-section-end\"><\/span><\/h2>\t\t\t\t<\/div>\n\t\t\t\t<\/div>\n\t\t\t\t<div class=\"elementor-element elementor-element-2a6f4a9d elementor-widget elementor-widget-text-editor\" data-id=\"2a6f4a9d\" data-element_type=\"widget\" data-e-type=\"widget\" data-widget_type=\"text-editor.default\">\n\t\t\t\t<div class=\"elementor-widget-container\">\n\t\t\t\t\t\t\t\t\t<p><strong>Si vous avez des renseignements sur les majorettes de Longpr\u00e9, date de cr\u00e9ation, des photos, les personnes qui y ont travaill\u00e9.<\/strong><br \/><strong>Utilisez la boite commentaire pour nous les faire parvenir.<\/strong><br \/><strong>Merci par avance.<\/strong><\/p>\t\t\t\t\t\t\t\t<\/div>\n\t\t\t\t<\/div>\n\t\t\t\t<div class=\"elementor-element elementor-element-cc3ba97 elementor-widget elementor-widget-image\" data-id=\"cc3ba97\" data-element_type=\"widget\" data-e-type=\"widget\" data-widget_type=\"image.default\">\n\t\t\t\t<div class=\"elementor-widget-container\">\n\t\t\t\t\t\t\t\t\t\t\t\t<figure class=\"wp-caption\">\n\t\t\t\t\t\t\t\t\t\t\t<a href=\"https:\/\/histoire-longpre-lcs.org\/blog-histoire\/wp-content\/uploads\/2023\/06\/10365947_243821152475982_5111749129746621377_n.jpg\" data-elementor-open-lightbox=\"yes\" data-elementor-lightbox-title=\"10365947_243821152475982_5111749129746621377_n\" data-elementor-lightbox-description=\"Fanfare et majorettes de Longpr\u00e9, ann\u00e9e inconnue\" data-e-action-hash=\"#elementor-action%3Aaction%3Dlightbox%26settings%3DeyJpZCI6MjAyMSwidXJsIjoiaHR0cHM6XC9cL2hpc3RvaXJlLWxvbmdwcmUtbGNzLm9yZ1wvYmxvZy1oaXN0b2lyZVwvd3AtY29udGVudFwvdXBsb2Fkc1wvMjAyM1wvMDZcLzEwMzY1OTQ3XzI0MzgyMTE1MjQ3NTk4Ml81MTExNzQ5MTI5NzQ2NjIxMzc3X24uanBnIn0%3D\">\n\t\t\t\t\t\t\t<img fetchpriority=\"high\" decoding=\"async\" width=\"960\" height=\"576\" src=\"https:\/\/histoire-longpre-lcs.org\/blog-histoire\/wp-content\/uploads\/2023\/06\/10365947_243821152475982_5111749129746621377_n.jpg\" class=\"attachment-large size-large wp-image-2021\" alt=\"Fanfare et majorettes de Longpr\u00e9, ann\u00e9e inconnue\" srcset=\"https:\/\/histoire-longpre-lcs.org\/blog-histoire\/wp-content\/uploads\/2023\/06\/10365947_243821152475982_5111749129746621377_n.jpg 960w, https:\/\/histoire-longpre-lcs.org\/blog-histoire\/wp-content\/uploads\/2023\/06\/10365947_243821152475982_5111749129746621377_n-300x180.jpg 300w, https:\/\/histoire-longpre-lcs.org\/blog-histoire\/wp-content\/uploads\/2023\/06\/10365947_243821152475982_5111749129746621377_n-768x461.jpg 768w, https:\/\/histoire-longpre-lcs.org\/blog-histoire\/wp-content\/uploads\/2023\/06\/10365947_243821152475982_5111749129746621377_n-750x450.jpg 750w, https:\/\/histoire-longpre-lcs.org\/blog-histoire\/wp-content\/uploads\/2023\/06\/10365947_243821152475982_5111749129746621377_n-600x360.jpg 600w\" sizes=\"(max-width: 960px) 100vw, 960px\" \/>\t\t\t\t\t\t\t\t<\/a>\n\t\t\t\t\t\t\t\t\t\t\t<figcaption class=\"widget-image-caption wp-caption-text\">Fanfare et majorettes de Longpr\u00e9, ann\u00e9e inconnue<\/figcaption>\n\t\t\t\t\t\t\t\t\t\t<\/figure>\n\t\t\t\t\t\t\t\t\t<\/div>\n\t\t\t\t<\/div>\n\t\t\t\t<div class=\"elementor-element elementor-element-25b40a1b elementor-widget elementor-widget-image\" data-id=\"25b40a1b\" data-element_type=\"widget\" data-e-type=\"widget\" data-widget_type=\"image.default\">\n\t\t\t\t<div class=\"elementor-widget-container\">\n\t\t\t\t\t\t\t\t\t\t\t\t<figure class=\"wp-caption\">\n\t\t\t\t\t\t\t\t\t\t\t<a href=\"https:\/\/histoire-longpre-lcs.org\/blog-histoire\/wp-content\/uploads\/2023\/06\/10365947_243821152475982_5111749129746621377_n-numerote.jpg\" data-elementor-open-lightbox=\"yes\" data-elementor-lightbox-title=\"Fanfare et majorettes de Longpr\u00e9, ann\u00e9e inconnue\" data-elementor-lightbox-description=\"Fanfare et majorettes de Longpr\u00e9, ann\u00e9e inconnue\" data-e-action-hash=\"#elementor-action%3Aaction%3Dlightbox%26settings%3DeyJpZCI6MjAxOSwidXJsIjoiaHR0cHM6XC9cL2hpc3RvaXJlLWxvbmdwcmUtbGNzLm9yZ1wvYmxvZy1oaXN0b2lyZVwvd3AtY29udGVudFwvdXBsb2Fkc1wvMjAyM1wvMDZcLzEwMzY1OTQ3XzI0MzgyMTE1MjQ3NTk4Ml81MTExNzQ5MTI5NzQ2NjIxMzc3X24tbnVtZXJvdGUuanBnIn0%3D\">\n\t\t\t\t\t\t\t<img decoding=\"async\" width=\"960\" height=\"576\" src=\"https:\/\/histoire-longpre-lcs.org\/blog-histoire\/wp-content\/uploads\/2023\/06\/10365947_243821152475982_5111749129746621377_n-numerote.jpg\" class=\"attachment-large size-large wp-image-2019\" alt=\"Fanfare et majorettes de Longpr\u00e9, ann\u00e9e inconnue, num\u00e9rot\u00e9e.\" srcset=\"https:\/\/histoire-longpre-lcs.org\/blog-histoire\/wp-content\/uploads\/2023\/06\/10365947_243821152475982_5111749129746621377_n-numerote.jpg 960w, https:\/\/histoire-longpre-lcs.org\/blog-histoire\/wp-content\/uploads\/2023\/06\/10365947_243821152475982_5111749129746621377_n-numerote-300x180.jpg 300w, https:\/\/histoire-longpre-lcs.org\/blog-histoire\/wp-content\/uploads\/2023\/06\/10365947_243821152475982_5111749129746621377_n-numerote-768x461.jpg 768w, https:\/\/histoire-longpre-lcs.org\/blog-histoire\/wp-content\/uploads\/2023\/06\/10365947_243821152475982_5111749129746621377_n-numerote-750x450.jpg 750w, https:\/\/histoire-longpre-lcs.org\/blog-histoire\/wp-content\/uploads\/2023\/06\/10365947_243821152475982_5111749129746621377_n-numerote-600x360.jpg 600w\" sizes=\"(max-width: 960px) 100vw, 960px\" \/>\t\t\t\t\t\t\t\t<\/a>\n\t\t\t\t\t\t\t\t\t\t\t<figcaption class=\"widget-image-caption wp-caption-text\">Fanfare et majorettes de Longpr\u00e9, ann\u00e9e inconnue<\/figcaption>\n\t\t\t\t\t\t\t\t\t\t<\/figure>\n\t\t\t\t\t\t\t\t\t<\/div>\n\t\t\t\t<\/div>\n\t\t\t\t<div class=\"elementor-element elementor-element-3d1816d9 elementor-widget elementor-widget-heading\" data-id=\"3d1816d9\" data-element_type=\"widget\" data-e-type=\"widget\" data-widget_type=\"heading.default\">\n\t\t\t\t<div class=\"elementor-widget-container\">\n\t\t\t\t\t<h4 class=\"elementor-heading-title elementor-size-default\">Photo archive de : <\/h4>\t\t\t\t<\/div>\n\t\t\t\t<\/div>\n\t\t\t\t<div class=\"elementor-element elementor-element-4c359cd1 elementor-widget elementor-widget-heading\" data-id=\"4c359cd1\" data-element_type=\"widget\" data-e-type=\"widget\" data-widget_type=\"heading.default\">\n\t\t\t\t<div class=\"elementor-widget-container\">\n\t\t\t\t\t<h2 class=\"elementor-heading-title elementor-size-default\"><span class=\"ez-toc-section\" id=\"Qui_sont_ces_jeunes\"><\/span>Qui sont ces jeunes ?<span class=\"ez-toc-section-end\"><\/span><\/h2>\t\t\t\t<\/div>\n\t\t\t\t<\/div>\n\t\t\t\t<div class=\"elementor-element elementor-element-1264fb92 elementor-widget elementor-widget-text-editor\" data-id=\"1264fb92\" data-element_type=\"widget\" data-e-type=\"widget\" data-widget_type=\"text-editor.default\">\n\t\t\t\t<div class=\"elementor-widget-container\">\n\t\t\t\t\t\t\t\t\t<p>Si vous rec<b>onnaissez quelq&rsquo;un sur cette photo, indiquez le num\u00e9ro et le nom\u00a0 et pr\u00e9nom en dessous dans les commentaires. Merci par avance.<\/b><\/p>\t\t\t\t\t\t\t\t<\/div>\n\t\t\t\t<\/div>\n\t\t\t\t<section class=\"elementor-section elementor-inner-section elementor-element elementor-element-54d7b61 elementor-section-boxed elementor-section-height-default elementor-section-height-default\" data-id=\"54d7b61\" data-element_type=\"section\" data-e-type=\"section\">\n\t\t\t\t\t\t<div class=\"elementor-container elementor-column-gap-default\">\n\t\t\t\t\t<div class=\"elementor-column elementor-col-50 elementor-inner-column elementor-element elementor-element-0b5a3ab\" data-id=\"0b5a3ab\" data-element_type=\"column\" data-e-type=\"column\">\n\t\t\t<div class=\"elementor-widget-wrap elementor-element-populated\">\n\t\t\t\t\t\t<div class=\"elementor-element elementor-element-897d097 elementor-widget elementor-widget-text-editor\" data-id=\"897d097\" data-element_type=\"widget\" data-e-type=\"widget\" data-widget_type=\"text-editor.default\">\n\t\t\t\t<div class=\"elementor-widget-container\">\n\t\t\t\t\t\t\t\t\t<ul><li><strong>1\/\u00a0 \u00a0Lucie Duch\u00eane<\/strong><\/li><li><strong>2\/\u00a0 \u00a0Virginie Gamain<\/strong><\/li><li><strong>3\/\u00a0 \u00a0St\u00e9phanie Galhaut<\/strong><\/li><li><strong>4\/\u00a0 \u00a0Ang\u00e9lique Lourdel<\/strong><\/li><li><strong>5\/\u00a0 \u00a0S\u00e9verine Lourdel<\/strong><\/li><li><strong>6\/<\/strong><\/li><li><strong>7\/<\/strong><\/li><li><strong>8\/<\/strong><\/li><li><strong>9\/<\/strong><\/li><li><strong>10\/\u00a0 Sylvie Olen<\/strong><\/li><li><strong>11\/<\/strong><\/li><li><strong>12\/<\/strong><\/li><li><strong>13\/<\/strong><\/li><li><strong>14\/<\/strong><\/li><li><strong>15\/\u00a0 Laurence Gamard<\/strong><\/li><li><strong>16\/<\/strong><\/li><li><strong>17\/\u00a0 Sylvie Gamard<\/strong><\/li><li><strong>18\/\u00a0 Marylise Lourdel<\/strong><\/li><li><strong>19\/<\/strong><\/li><li><strong>20\/<\/strong><\/li><\/ul>\t\t\t\t\t\t\t\t<\/div>\n\t\t\t\t<\/div>\n\t\t\t\t\t<\/div>\n\t\t<\/div>\n\t\t\t\t<div class=\"elementor-column elementor-col-50 elementor-inner-column elementor-element elementor-element-eeacbab\" data-id=\"eeacbab\" data-element_type=\"column\" data-e-type=\"column\">\n\t\t\t<div class=\"elementor-widget-wrap elementor-element-populated\">\n\t\t\t\t\t\t<div class=\"elementor-element elementor-element-bfc52b0 elementor-widget elementor-widget-text-editor\" data-id=\"bfc52b0\" data-element_type=\"widget\" data-e-type=\"widget\" data-widget_type=\"text-editor.default\">\n\t\t\t\t<div class=\"elementor-widget-container\">\n\t\t\t\t\t\t\t\t\t<ul><li><strong>21\/\u00a0 Corine Olen<\/strong><\/li><li><strong>22\/\u00a0 Laurence Olen<\/strong><\/li><li><strong>23\/\u00a0 Isabelle Danten<\/strong><\/li><li><strong>24\/<\/strong><\/li><li><strong>25\/\u00a0 Harry ?<\/strong><\/li><li><strong>26\/\u00a0 Max Olen<\/strong><\/li><li><strong>27\/<\/strong><\/li><li><strong>28\/<\/strong><\/li><li><strong>29\/<\/strong><\/li><li><strong>30\/\u00a0 Patrick Picard<\/strong><\/li><li><strong>31\/ Michel Deguisne (dit J\u00e9sus)<\/strong><\/li><li><strong>32\/<\/strong><\/li><li><strong>33\/\u00a0 Dany Larivi\u00e9re<\/strong><\/li><li><strong>34\/\u00a0 Pascal Dufour<\/strong><\/li><li><strong>35\/\u00a0 Michel Deneux<\/strong><\/li><li><strong>36\/<\/strong><\/li><li><strong>37\/<\/strong><\/li><li><strong>38\/\u00a0 Patrick Lourdel<\/strong><\/li><li><strong>39\/\u00a0 Roland Deneux<\/strong><\/li><li><strong>40\/<\/strong><\/li><\/ul>\t\t\t\t\t\t\t\t<\/div>\n\t\t\t\t<\/div>\n\t\t\t\t\t<\/div>\n\t\t<\/div>\n\t\t\t\t\t<\/div>\n\t\t<\/section>\n\t\t\t\t<div class=\"elementor-element elementor-element-96c35ad elementor-widget elementor-widget-spacer\" data-id=\"96c35ad\" data-element_type=\"widget\" data-e-type=\"widget\" data-widget_type=\"spacer.default\">\n\t\t\t\t<div class=\"elementor-widget-container\">\n\t\t\t\t\t\t\t<div class=\"elementor-spacer\">\n\t\t\t<div class=\"elementor-spacer-inner\"><\/div>\n\t\t<\/div>\n\t\t\t\t\t\t<\/div>\n\t\t\t\t<\/div>\n\t\t\t\t<div class=\"elementor-element elementor-element-5b580cd2 elementor-widget elementor-widget-text-editor\" data-id=\"5b580cd2\" data-element_type=\"widget\" data-e-type=\"widget\" data-widget_type=\"text-editor.default\">\n\t\t\t\t<div class=\"elementor-widget-container\">\n\t\t\t\t\t\t\t\t\t<p><strong>Si vous avez en votre possession des photos anciennes d&rsquo;\u00e9quipes de sports, de r\u00e9unions officielles, de photos de classes, de f\u00eates collectives de Longpr\u00e9 les Corps Saint ou concernant notre ville.<\/strong><br \/><strong>Contactez-moi \u00e0 cette adresse : <a href=\"mailto:asp.longiprate@gmail.com\">asp.longiprate@gmail.com<\/a><\/strong><br \/><strong>Nous vous en remercierons par avance et vous permettrez \u00e0 tous d&rsquo;y retrouver peut-\u00eatre un proche ou ami (e).<\/strong><\/p>\t\t\t\t\t\t\t\t<\/div>\n\t\t\t\t<\/div>\n\t\t\t\t\t<\/div>\n\t\t<\/div>\n\t\t\t\t\t<\/div>\n\t\t<\/section>\n\t\t\t\t<\/div>\n\t\t","protected":false},"excerpt":{"rendered":"<p>Fanfare et majorettes de Longpr\u00e9,  ann\u00e9e inconnue.<\/p>\n","protected":false},"author":1,"featured_media":2019,"comment_status":"open","ping_status":"open","sticky":false,"template":"","format":"standard","meta":{"_uag_custom_page_level_css":"","_EventAllDay":false,"_EventTimezone":"","_EventStartDate":"","_EventEndDate":"","_EventStartDateUTC":"","_EventEndDateUTC":"","_EventShowMap":false,"_EventShowMapLink":false,"_EventURL":"","_EventCost":"","_EventCostDescription":"","_EventCurrencySymbol":"","_EventCurrencyCode":"","_EventCurrencyPosition":"","_EventDateTimeSeparator":"","_EventTimeRangeSeparator":"","_EventOrganizerID":[],"_EventVenueID":[0],"_OrganizerEmail":"","_OrganizerPhone":"","_OrganizerWebsite":"","_VenueAddress":"","_VenueCity":"","_VenueCountry":"","_VenueProvince":"","_VenueState":"","_VenueZip":"","_VenuePhone":"","_VenueURL":"","_VenueStateProvince":"","_VenueLat":"","_VenueLng":"","_VenueShowMap":false,"_VenueShowMapLink":false,"_kadence_starter_templates_imported_post":false,"_kad_post_transparent":"","_kad_post_title":"","_kad_post_layout":"right","_kad_post_sidebar_id":"","_kad_post_content_style":"","_kad_post_vertical_padding":"","_kad_post_feature":"","_kad_post_feature_position":"","_kad_post_header":false,"_kad_post_footer":false,"_kad_post_classname":"","footnotes":""},"categories":[35,37],"tags":[73,95,227,94],"class_list":["post-2018","post","type-post","status-publish","format-standard","has-post-thumbnail","hentry","category-avis-recherches","category-non-classe","tag-enfants","tag-fanfare","tag-longpre-2","tag-majorette"],"uagb_featured_image_src":{"full":["https:\/\/histoire-longpre-lcs.org\/blog-histoire\/wp-content\/uploads\/2023\/06\/10365947_243821152475982_5111749129746621377_n-numerote.jpg",960,576,false],"thumbnail":["https:\/\/histoire-longpre-lcs.org\/blog-histoire\/wp-content\/uploads\/2023\/06\/10365947_243821152475982_5111749129746621377_n-numerote-150x150.jpg",150,150,true],"medium":["https:\/\/histoire-longpre-lcs.org\/blog-histoire\/wp-content\/uploads\/2023\/06\/10365947_243821152475982_5111749129746621377_n-numerote-300x180.jpg",300,180,true],"medium_large":["https:\/\/histoire-longpre-lcs.org\/blog-histoire\/wp-content\/uploads\/2023\/06\/10365947_243821152475982_5111749129746621377_n-numerote-768x461.jpg",768,461,true],"large":["https:\/\/histoire-longpre-lcs.org\/blog-histoire\/wp-content\/uploads\/2023\/06\/10365947_243821152475982_5111749129746621377_n-numerote.jpg",960,576,false],"1536x1536":["https:\/\/histoire-longpre-lcs.org\/blog-histoire\/wp-content\/uploads\/2023\/06\/10365947_243821152475982_5111749129746621377_n-numerote.jpg",960,576,false],"2048x2048":["https:\/\/histoire-longpre-lcs.org\/blog-histoire\/wp-content\/uploads\/2023\/06\/10365947_243821152475982_5111749129746621377_n-numerote.jpg",960,576,false]},"uagb_author_info":{"display_name":"Zembla-80","author_link":"https:\/\/histoire-longpre-lcs.org\/blog-histoire\/author\/zembla-80\/"},"uagb_comment_info":0,"uagb_excerpt":"Fanfare et majorettes de Longpr\u00e9, ann\u00e9e inconnue.","_links":{"self":[{"href":"https:\/\/histoire-longpre-lcs.org\/blog-histoire\/wp-json\/wp\/v2\/posts\/2018","targetHints":{"allow":["GET"]}}],"collection":[{"href":"https:\/\/histoire-longpre-lcs.org\/blog-histoire\/wp-json\/wp\/v2\/posts"}],"about":[{"href":"https:\/\/histoire-longpre-lcs.org\/blog-histoire\/wp-json\/wp\/v2\/types\/post"}],"author":[{"embeddable":true,"href":"https:\/\/histoire-longpre-lcs.org\/blog-histoire\/wp-json\/wp\/v2\/users\/1"}],"replies":[{"embeddable":true,"href":"https:\/\/histoire-longpre-lcs.org\/blog-histoire\/wp-json\/wp\/v2\/comments?post=2018"}],"version-history":[{"count":15,"href":"https:\/\/histoire-longpre-lcs.org\/blog-histoire\/wp-json\/wp\/v2\/posts\/2018\/revisions"}],"predecessor-version":[{"id":6355,"href":"https:\/\/histoire-longpre-lcs.org\/blog-histoire\/wp-json\/wp\/v2\/posts\/2018\/revisions\/6355"}],"wp:featuredmedia":[{"embeddable":true,"href":"https:\/\/histoire-longpre-lcs.org\/blog-histoire\/wp-json\/wp\/v2\/media\/2019"}],"wp:attachment":[{"href":"https:\/\/histoire-longpre-lcs.org\/blog-histoire\/wp-json\/wp\/v2\/media?parent=2018"}],"wp:term":[{"taxonomy":"category","embeddable":true,"href":"https:\/\/histoire-longpre-lcs.org\/blog-histoire\/wp-json\/wp\/v2\/categories?post=2018"},{"taxonomy":"post_tag","embeddable":true,"href":"https:\/\/histoire-longpre-lcs.org\/blog-histoire\/wp-json\/wp\/v2\/tags?post=2018"}],"curies":[{"name":"wp","href":"https:\/\/api.w.org\/{rel}","templated":true}]}}